{"id":7183,"date":"2020-10-03T18:50:29","date_gmt":"2020-10-03T21:50:29","guid":{"rendered":"http:\/\/oasisfm935.com\/site\/?p=7183"},"modified":"2020-10-03T18:50:29","modified_gmt":"2020-10-03T21:50:29","slug":"la-pampa-winifreda-fallecio-un-hombre-de-83-anos-con-covid-19-luego-de-cursar-cuatro-dias-de-internacion","status":"publish","type":"post","link":"https:\/\/oasisfm935.com.ar\/site\/la-pampa-winifreda-fallecio-un-hombre-de-83-anos-con-covid-19-luego-de-cursar-cuatro-dias-de-internacion\/","title":{"rendered":"La Pampa Winifreda: Falleci\u00f3 un hombre de 83 a\u00f1os con COVID-19 luego de cursar cuatro d\u00edas de internaci\u00f3n."},"content":{"rendered":"<p>El Gobierno de la provincia de La Pampa a trav\u00e9s del Ministerio de Salud informa que en el d\u00eda de la fecha se ha producido el fallecimiento de una persona de sexo masculino, de 83 a\u00f1os de edad, luego de cursar 4 d\u00edas de internaci\u00f3n.<\/p>\n<p>El paciente resid\u00eda en la localidad de Winifreda y se encontraba Internado en terapia intensiva del Centro Emergente de Asistencia Respiratoria por presentar patolog\u00eda respiratoria COVID positivo, se trataba de un paciente con enfermedades preexistentes.<\/p>\n<div class=\"oasis-despues-del-contenido\" id=\"oasis-1203175516\"><img loading=\"lazy\" decoding=\"async\" src=\"https:\/\/oasisfm935.com.ar\/site\/wp-content\/uploads\/2020\/08\/47806202-8741-49f2-a5c9-d2f930e5baa1.jpg\" alt=\"\"  srcset=\"https:\/\/oasisfm935.com.ar\/site\/wp-content\/uploads\/2020\/08\/47806202-8741-49f2-a5c9-d2f930e5baa1.jpg 1080w, https:\/\/oasisfm935.com.ar\/site\/wp-content\/uploads\/2020\/08\/47806202-8741-49f2-a5c9-d2f930e5baa1-300x300.jpg 300w, https:\/\/oasisfm935.com.ar\/site\/wp-content\/uploads\/2020\/08\/47806202-8741-49f2-a5c9-d2f930e5baa1-1024x1024.jpg 1024w, https:\/\/oasisfm935.com.ar\/site\/wp-content\/uploads\/2020\/08\/47806202-8741-49f2-a5c9-d2f930e5baa1-150x150.jpg 150w, https:\/\/oasisfm935.com.ar\/site\/wp-content\/uploads\/2020\/08\/47806202-8741-49f2-a5c9-d2f930e5baa1-768x768.jpg 768w\" sizes=\"(max-width: 1080px) 100vw, 1080px\" class=\"no-lazyload\" width=\"1080\" height=\"1080\"  style=\"display: inline-block;\" \/><\/div>","protected":false},"excerpt":{"rendered":"<p>El Gobierno de la provincia de La Pampa a trav\u00e9s del Ministerio de Salud informa que en el d\u00eda de la fecha<\/p>\n","protected":false},"author":4,"featured_media":7184,"comment_status":"closed","ping_status":"open","sticky":false,"template":"","format":"standard","meta":{"colormag_page_layout":"default_layout","footnotes":""},"categories":[2],"tags":[],"class_list":["post-7183","post","type-post","status-publish","format-standard","has-post-thumbnail","hentry","category-noticias"],"_links":{"self":[{"href":"https:\/\/oasisfm935.com.ar\/site\/wp-json\/wp\/v2\/posts\/7183","targetHints":{"allow":["GET"]}}],"collection":[{"href":"https:\/\/oasisfm935.com.ar\/site\/wp-json\/wp\/v2\/posts"}],"about":[{"href":"https:\/\/oasisfm935.com.ar\/site\/wp-json\/wp\/v2\/types\/post"}],"author":[{"embeddable":true,"href":"https:\/\/oasisfm935.com.ar\/site\/wp-json\/wp\/v2\/users\/4"}],"replies":[{"embeddable":true,"href":"https:\/\/oasisfm935.com.ar\/site\/wp-json\/wp\/v2\/comments?post=7183"}],"version-history":[{"count":1,"href":"https:\/\/oasisfm935.com.ar\/site\/wp-json\/wp\/v2\/posts\/7183\/revisions"}],"predecessor-version":[{"id":7185,"href":"https:\/\/oasisfm935.com.ar\/site\/wp-json\/wp\/v2\/posts\/7183\/revisions\/7185"}],"wp:featuredmedia":[{"embeddable":true,"href":"https:\/\/oasisfm935.com.ar\/site\/wp-json\/wp\/v2\/media\/7184"}],"wp:attachment":[{"href":"https:\/\/oasisfm935.com.ar\/site\/wp-json\/wp\/v2\/media?parent=7183"}],"wp:term":[{"taxonomy":"category","embeddable":true,"href":"https:\/\/oasisfm935.com.ar\/site\/wp-json\/wp\/v2\/categories?post=7183"},{"taxonomy":"post_tag","embeddable":true,"href":"https:\/\/oasisfm935.com.ar\/site\/wp-json\/wp\/v2\/tags?post=7183"}],"curies":[{"name":"wp","href":"https:\/\/api.w.org\/{rel}","templated":true}]}}