{"id":7187,"date":"2020-10-03T19:44:30","date_gmt":"2020-10-03T22:44:30","guid":{"rendered":"http:\/\/oasisfm935.com\/site\/?p=7187"},"modified":"2020-10-03T19:44:30","modified_gmt":"2020-10-03T22:44:30","slug":"la-pampa-covid-19-135-muestras-28-nuevos-positivos-de-los-cuales-25-eran-contactos-estrechos-y-3-casos-continuan-en-investigacion","status":"publish","type":"post","link":"https:\/\/oasisfm935.com.ar\/site\/la-pampa-covid-19-135-muestras-28-nuevos-positivos-de-los-cuales-25-eran-contactos-estrechos-y-3-casos-continuan-en-investigacion\/","title":{"rendered":"La Pampa COVID-19: 135 muestras, 28 nuevos positivos de los cuales 25 eran contactos estrechos y 3 casos contin\u00faan en investigaci\u00f3n."},"content":{"rendered":"<p>El Gobierno de la provincia de La Pampa a trav\u00e9s del Ministerio de Salud comunica, que en horas de la tarde del d\u00eda 3 de octubre, se finaliz\u00f3 con el procesamiento de 135 muestras analizadas en los laboratorios de la Direcci\u00f3n de Epidemiolog\u00eda y de los Hospitales Gobernador Centeno y Lucio Molas, de las cuales 28 resultaron positivas \u00a0para COVID-19.<\/p>\n<p><strong>\u00a0De ellas 9 residen en la localidad de Winifreda, 4 en 25 de Mayo, 7 en\u00a0General Pico, 3 en Realic\u00f3, 2 en Toay, 1 en Embajador Martini, 1 en Larroud\u00e9 y 1 en Santa Rosa. De los 28 nuevos casos\u00a0informados, 25 eran contactos estrechos de casos positivos y 3 casos se encuentran en investigaci\u00f3n epidemiol\u00f3gica. Todas las personas se encuentran aisladas.\u00a0<\/strong><\/p>\n<p><strong>Situaci\u00f3n provincial<\/strong><br \/>\nDesde el inicio de la pandemia, en nuestra provincia, se registraron un total 794 casos positivos para COVID-19, de los cuales 215 permanecen activos, 9 han fallecido y 570 \u00a0se han recuperado, entre estos \u00faltimos se encuentran 8 personas de Toay, 5 de General Pico, 3 de Santa Rosa, 2 de Alvear, 2 de Larroud\u00e9 y 1 de Bernasconi. \u00a0Los casos confirmados activos est\u00e1n distribuidos de la siguiente manera:\u00a034 \u00a0en la ciudad de Santa Rosa, 37 en General Pico, 29 en 25 de mayo, 18 en Toay, 20 en Alvear, 16 en Larroud\u00e9, 17 en Winifreda, 12 en Realic\u00f3, 8 en Quem\u00fa Quem\u00fa,\u00a06 en Bernasconi, 7 en General San Mart\u00edn, 1 en General Acha, 2 en Abramo, 2 en Parera, 1 en Catril\u00f3, 2 en Lonquimay y 3 en Embajador Martini.<\/p>\n<p><strong>Se encuentran internadas 26 \u00a0personas confirmadas para COVID-19. En General Pico 13 personas, de ellas 4 en Terapia intensiva y 9 en modulares. En el Centro de Enfermedades de Asistencia Respiratoria de Santa Rosa, se encuentran internadas 13 personas, de ellas 12 en cl\u00ednica m\u00e9dica y 1 en terapia intensiva.<\/strong><\/p>\n<div class=\"oasis-despues-del-contenido\" id=\"oasis-1119755664\"><img loading=\"lazy\" decoding=\"async\" src=\"https:\/\/oasisfm935.com.ar\/site\/wp-content\/uploads\/2020\/08\/47806202-8741-49f2-a5c9-d2f930e5baa1.jpg\" alt=\"\"  srcset=\"https:\/\/oasisfm935.com.ar\/site\/wp-content\/uploads\/2020\/08\/47806202-8741-49f2-a5c9-d2f930e5baa1.jpg 1080w, https:\/\/oasisfm935.com.ar\/site\/wp-content\/uploads\/2020\/08\/47806202-8741-49f2-a5c9-d2f930e5baa1-300x300.jpg 300w, https:\/\/oasisfm935.com.ar\/site\/wp-content\/uploads\/2020\/08\/47806202-8741-49f2-a5c9-d2f930e5baa1-1024x1024.jpg 1024w, https:\/\/oasisfm935.com.ar\/site\/wp-content\/uploads\/2020\/08\/47806202-8741-49f2-a5c9-d2f930e5baa1-150x150.jpg 150w, https:\/\/oasisfm935.com.ar\/site\/wp-content\/uploads\/2020\/08\/47806202-8741-49f2-a5c9-d2f930e5baa1-768x768.jpg 768w\" sizes=\"(max-width: 1080px) 100vw, 1080px\" class=\"no-lazyload\" width=\"1080\" height=\"1080\"  style=\"display: inline-block;\" \/><\/div>","protected":false},"excerpt":{"rendered":"<p>El Gobierno de la provincia de La Pampa a trav\u00e9s del Ministerio de Salud comunica, que en horas de la tarde del<\/p>\n","protected":false},"author":4,"featured_media":7188,"comment_status":"closed","ping_status":"open","sticky":false,"template":"","format":"standard","meta":{"colormag_page_layout":"default_layout","footnotes":""},"categories":[2],"tags":[],"class_list":["post-7187","post","type-post","status-publish","format-standard","has-post-thumbnail","hentry","category-noticias"],"_links":{"self":[{"href":"https:\/\/oasisfm935.com.ar\/site\/wp-json\/wp\/v2\/posts\/7187","targetHints":{"allow":["GET"]}}],"collection":[{"href":"https:\/\/oasisfm935.com.ar\/site\/wp-json\/wp\/v2\/posts"}],"about":[{"href":"https:\/\/oasisfm935.com.ar\/site\/wp-json\/wp\/v2\/types\/post"}],"author":[{"embeddable":true,"href":"https:\/\/oasisfm935.com.ar\/site\/wp-json\/wp\/v2\/users\/4"}],"replies":[{"embeddable":true,"href":"https:\/\/oasisfm935.com.ar\/site\/wp-json\/wp\/v2\/comments?post=7187"}],"version-history":[{"count":1,"href":"https:\/\/oasisfm935.com.ar\/site\/wp-json\/wp\/v2\/posts\/7187\/revisions"}],"predecessor-version":[{"id":7189,"href":"https:\/\/oasisfm935.com.ar\/site\/wp-json\/wp\/v2\/posts\/7187\/revisions\/7189"}],"wp:featuredmedia":[{"embeddable":true,"href":"https:\/\/oasisfm935.com.ar\/site\/wp-json\/wp\/v2\/media\/7188"}],"wp:attachment":[{"href":"https:\/\/oasisfm935.com.ar\/site\/wp-json\/wp\/v2\/media?parent=7187"}],"wp:term":[{"taxonomy":"category","embeddable":true,"href":"https:\/\/oasisfm935.com.ar\/site\/wp-json\/wp\/v2\/categories?post=7187"},{"taxonomy":"post_tag","embeddable":true,"href":"https:\/\/oasisfm935.com.ar\/site\/wp-json\/wp\/v2\/tags?post=7187"}],"curies":[{"name":"wp","href":"https:\/\/api.w.org\/{rel}","templated":true}]}}