{"id":7190,"date":"2020-10-04T11:39:30","date_gmt":"2020-10-04T14:39:30","guid":{"rendered":"http:\/\/oasisfm935.com\/site\/?p=7190"},"modified":"2020-10-04T11:39:30","modified_gmt":"2020-10-04T14:39:30","slug":"fallecio-un-hombre-de-77-anos-la-decima-muerte-por-coronavirus-en-la-provincia","status":"publish","type":"post","link":"https:\/\/oasisfm935.com.ar\/site\/fallecio-un-hombre-de-77-anos-la-decima-muerte-por-coronavirus-en-la-provincia\/","title":{"rendered":"Falleci\u00f3 un hombre de 77 a\u00f1os, la d\u00e9cima muerte por coronavirus en la provincia."},"content":{"rendered":"<section id=\"g-container-main\" class=\"g-wrapper\">\n<div class=\"g-container\">\n<div class=\"g-grid\">\n<div class=\"g-block size-67\">\n<div class=\"g-grid\">\n<div class=\"g-block size-100 nomarginall nopaddingall py-2\">\n<div class=\"g-content\">\n<div class=\"platform-content\">\n<div class=\"moduletable \">\n<div role=\"navigation\" aria-label=\"Breadcrumbs\">\n<p>&nbsp;<\/p>\n<\/div>\n<\/div>\n<\/div>\n<\/div>\n<\/div>\n<\/div>\n<div class=\"g-grid\">\n<div class=\"g-block size-100 pre-content\">\n<div class=\"g-content\">\n<div class=\"platform-content row-fluid\">\n<div class=\"span12\">\n<div class=\"item-page\">\n<div>\n<p>El paciente era oriundo de General Acha y estaba internado desde hace 15 d\u00edas en el\u00a0 Centro Emergente de Asistencia Respiratoria.\u00a0<strong>El segundo hisopado realizado el pasado 30 de septiembre le hab\u00eda dado \u00abnagativo\u00bb<\/strong>.<\/p>\n<p>El Gobierno de la Provincia de La Pampa, a trav\u00e9s del Ministerio de Salud, dio a conocer que este domingo se produjo el fallecimiento de un hombre de 77 a\u00f1os, luego de cursar 15 d\u00edas de internaci\u00f3n.\u00a0<strong>Se trata de la d\u00e9cima v\u00edctima desde el inicio de la pandemia del coronavirus en la provincia<\/strong>.<\/p>\n<p>\u00abEl paciente resid\u00eda en la localidad de General Acha y se encontraba internado en el Centro Emergente de Asistencia Respiratoria (CEAR) de Santa Rosa por presentar patolog\u00eda respiratoria COVID-19 positivo\u00bb, se indic\u00f3 en un comunicado de prensa oficial.<\/p>\n<p><strong>\u00abEl d\u00eda 30 de septiembre se lo hisopa nuevamente resultando negativo, su estado general no presentaba buena evoluci\u00f3n, motivo por el cual continuaba internado. Se trataba de un paciente con enfermedades preexistentes\u00bb<\/strong>, aclar\u00f3 el mismo escrito.<\/p>\n<p><strong>Las 10 v\u00edctimas<\/strong><\/p>\n<p><strong>El primer fallecimiento<\/strong>\u00a0como consecuencia de la pandemia del coronavirus en la provincia se produjo el 25 de agosto y fue un hombre de 96 a\u00f1os, luego de 31 d\u00edas de internaci\u00f3n, vinculado al brote del virus en la localidad de Catril\u00f3.<\/p>\n<p><strong>La segunda muerte<\/strong>\u00a0ocurri\u00f3 el 1\u00ba de septiembre y fue una mujer de 68 a\u00f1os, con domicilio en Intendente Alvear, pero se encontraba internada en Terapia Intensiva del hospital Gobernador Centeno. El nexo de contagio tambi\u00e9n fue Catril\u00f3. Estuvo 30 d\u00edas con asistencia respiratoria mec\u00e1nica por ser \u201cinmunodeprimida, con neuropat\u00eda severa entre otras comorbilidades\u201d, seg\u00fan se inform\u00f3 oficialmente.<\/p>\n<p><strong>La tercera v\u00edctima fatal<\/strong>\u00a0del coronavirus en la provincia sucedi\u00f3 el 3 de septiembre y fue un hombre de 63 a\u00f1os que permaneci\u00f3 siete d\u00edas internado en sala de Terapia Intensiva del Centro de Enfermedades de Asistencia Respiratoria (CEAR), por \u201cpresentar patolog\u00eda respiratoria asociada al diagn\u00f3stico positivo, y era un caso con m\u00faltiples comorbilidades\u201d. El paciente viv\u00eda en R\u00edo Colorado, pero presentaba domicilio en la localidad pampeana de La Adela, motivo por el cual fue asistido por el equipo de Salud P\u00fablica.<\/p>\n<p><strong>La cuarta muerte<\/strong>\u00a0fue una mujer de 88 a\u00f1os, de Bernardo Larroud\u00e9, \u201ccon m\u00faltiples comorbilidades\u201d. Muri\u00f3 el pasado 24 de septiembre, luego de ocho d\u00edas de internaci\u00f3n.<\/p>\n<p>Ese mismo d\u00eda tambi\u00e9n se dio a conocer\u00a0<strong>el quinto fallecimiento<\/strong>, ocurrido unos d\u00edas atr\u00e1s, y relacionado con la pandemia del coronavirus en la provincia. Aunque en este caso se aclar\u00f3 que se trat\u00f3 de una mujer de 70 a\u00f1os, de Bernardo Larroud\u00e9, que falleci\u00f3 por una \u201coclusi\u00f3n intestinal\u201d y que posteriormente -en un test \u201cpost morten\u201d- se comprob\u00f3 que era portadora del virus.<\/p>\n<p>Aquel jueves negro del 24 de septiembre tambi\u00e9n se inform\u00f3\u00a0<strong>la sexta v\u00edctima fatal<\/strong>\u00a0en la provincia: fue una mujer de 79 a\u00f1os de edad, de Intendente Alvear, que muri\u00f3 en el hospital Gobernador Centeno de General Pico luego de 20 d\u00edas de internaci\u00f3n.<\/p>\n<p><strong>El s\u00e9ptimo fallecimiento<\/strong>\u00a0se report\u00f3 el 1 de octubre: un hombre de 86 a\u00f1os, que estuvo 16 d\u00edas internado. El paciente resid\u00eda en Alvear y se encontraba internado en sala de Terapia Intensiva del Establecimiento Asistencial Gobernador Centeno. Padec\u00eda enfermedades preexistentes.<\/p>\n<p><strong>La octava y la novena v\u00edctima<\/strong>\u00a0se conocieron este s\u00e1bado 3. Se trat\u00f3 de un hombre de 84 a\u00f1os de edad, de Bernardo Larroud\u00e9, que falleci\u00f3 luego de cursar 23 d\u00edas de internaci\u00f3n en General Pico, y de un vecino de Winifreda, de 83 a\u00f1os, luego de cuatro d\u00edas de internaci\u00f3n.<\/p>\n<p><strong>Con el fallecimiento del vecino de Acha durante este domingo a la ma\u00f1ana, son diez las muertes por COVID-19 en territorio pampeano desde el inicio de la pandemia<\/strong>.<\/p>\n<p>Hasta el momento, en La Pampa, el promedio de edad de las personas fallecidas por coronavirus es de 79,25 a\u00f1os. Son seis hombres y cuatro mujeres.\u00a0En todos los casos eran personas adultas mayores: una superaba los 90 a\u00f1os, tres mayores de 80 a\u00f1os, cuatro mayores de 70 a\u00f1os y dos estaban entre los 60 y los 70.<\/p>\n<\/div>\n<\/div>\n<\/div>\n<\/div>\n<\/div>\n<\/div>\n<\/div>\n<\/div>\n<\/div>\n<\/div>\n<\/section>\n<div class=\"oasis-despues-del-contenido\" id=\"oasis-3428762112\"><img loading=\"lazy\" decoding=\"async\" src=\"https:\/\/oasisfm935.com.ar\/site\/wp-content\/uploads\/2020\/08\/47806202-8741-49f2-a5c9-d2f930e5baa1.jpg\" alt=\"\"  srcset=\"https:\/\/oasisfm935.com.ar\/site\/wp-content\/uploads\/2020\/08\/47806202-8741-49f2-a5c9-d2f930e5baa1.jpg 1080w, https:\/\/oasisfm935.com.ar\/site\/wp-content\/uploads\/2020\/08\/47806202-8741-49f2-a5c9-d2f930e5baa1-300x300.jpg 300w, https:\/\/oasisfm935.com.ar\/site\/wp-content\/uploads\/2020\/08\/47806202-8741-49f2-a5c9-d2f930e5baa1-1024x1024.jpg 1024w, https:\/\/oasisfm935.com.ar\/site\/wp-content\/uploads\/2020\/08\/47806202-8741-49f2-a5c9-d2f930e5baa1-150x150.jpg 150w, https:\/\/oasisfm935.com.ar\/site\/wp-content\/uploads\/2020\/08\/47806202-8741-49f2-a5c9-d2f930e5baa1-768x768.jpg 768w\" sizes=\"(max-width: 1080px) 100vw, 1080px\" class=\"no-lazyload\" width=\"1080\" height=\"1080\"  style=\"display: inline-block;\" \/><\/div>","protected":false},"excerpt":{"rendered":"<p>&nbsp; El paciente era oriundo de General Acha y estaba internado desde hace 15 d\u00edas en el\u00a0 Centro Emergente de Asistencia Respiratoria.\u00a0El<\/p>\n","protected":false},"author":4,"featured_media":7191,"comment_status":"closed","ping_status":"open","sticky":false,"template":"","format":"standard","meta":{"colormag_page_layout":"default_layout","footnotes":""},"categories":[2],"tags":[],"class_list":["post-7190","post","type-post","status-publish","format-standard","has-post-thumbnail","hentry","category-noticias"],"_links":{"self":[{"href":"https:\/\/oasisfm935.com.ar\/site\/wp-json\/wp\/v2\/posts\/7190","targetHints":{"allow":["GET"]}}],"collection":[{"href":"https:\/\/oasisfm935.com.ar\/site\/wp-json\/wp\/v2\/posts"}],"about":[{"href":"https:\/\/oasisfm935.com.ar\/site\/wp-json\/wp\/v2\/types\/post"}],"author":[{"embeddable":true,"href":"https:\/\/oasisfm935.com.ar\/site\/wp-json\/wp\/v2\/users\/4"}],"replies":[{"embeddable":true,"href":"https:\/\/oasisfm935.com.ar\/site\/wp-json\/wp\/v2\/comments?post=7190"}],"version-history":[{"count":1,"href":"https:\/\/oasisfm935.com.ar\/site\/wp-json\/wp\/v2\/posts\/7190\/revisions"}],"predecessor-version":[{"id":7192,"href":"https:\/\/oasisfm935.com.ar\/site\/wp-json\/wp\/v2\/posts\/7190\/revisions\/7192"}],"wp:featuredmedia":[{"embeddable":true,"href":"https:\/\/oasisfm935.com.ar\/site\/wp-json\/wp\/v2\/media\/7191"}],"wp:attachment":[{"href":"https:\/\/oasisfm935.com.ar\/site\/wp-json\/wp\/v2\/media?parent=7190"}],"wp:term":[{"taxonomy":"category","embeddable":true,"href":"https:\/\/oasisfm935.com.ar\/site\/wp-json\/wp\/v2\/categories?post=7190"},{"taxonomy":"post_tag","embeddable":true,"href":"https:\/\/oasisfm935.com.ar\/site\/wp-json\/wp\/v2\/tags?post=7190"}],"curies":[{"name":"wp","href":"https:\/\/api.w.org\/{rel}","templated":true}]}}