{"id":7194,"date":"2020-10-04T11:52:52","date_gmt":"2020-10-04T14:52:52","guid":{"rendered":"http:\/\/oasisfm935.com\/site\/?p=7194"},"modified":"2020-10-04T11:52:52","modified_gmt":"2020-10-04T14:52:52","slug":"pese-a-la-lluvia-se-realiza-una-nueva-jornada-de-protesta-en-el-limite-entre-cordoba-y-la-pampa","status":"publish","type":"post","link":"https:\/\/oasisfm935.com.ar\/site\/pese-a-la-lluvia-se-realiza-una-nueva-jornada-de-protesta-en-el-limite-entre-cordoba-y-la-pampa\/","title":{"rendered":"Pese a la lluvia, se realiza una nueva jornada de protesta en el l\u00edmite entre C\u00f3rdoba y La Pampa"},"content":{"rendered":"<p>A pesar de la jornada lluviosa, este domingo vecinos de Huinca Renanc\u00f3, y del norte pampeano, en su mayor\u00eda de Realic\u00f3, volvieron a concentrarse en el deslinde entre ambas provincias para reclamar a los gobernadores por el libre tr\u00e1nsito.<\/p>\n<p><strong>Los vecinos de Huinca Renanc\u00f3 hab\u00edan lanzaron la convocatoria en las redes sociales el pasado jueves y r\u00e1pidamente vecinos del norte pampeano se sumaron a la medida.<\/strong><\/p>\n<blockquote class=\"wp-block-quote\"><p>La caravana de protesta desde las dos localidades se concentr\u00f3 en el l\u00edmite provincial, en la ruta 35, para reclamar el libre tr\u00e1nsito en el puesto caminero de Realic\u00f3.<\/p><\/blockquote>\n<p><strong>En la jornada del s\u00e1bado<\/strong>, en medio de la manifestaci\u00f3n se vivieron momentos\u00a0muy emotivos entre familiares que hab\u00edan quedado separados durante siete meses por una barrera provincial, a partir del inicio de la cuarentena.<\/p>\n<p>All\u00ed unos 300 veh\u00edculos se autoconvocaron para reclamarle a las autoridades\u00a0<strong>una mayor flexibilizaci\u00f3n en los ingresos.<\/strong><\/p>\n<blockquote class=\"wp-block-quote\"><p>La movilizaci\u00f3n es bajo la consigna\u00a0<strong>\u00abSomos un solo pa\u00eds, somos un mismo pueblo\u00bb<\/strong>, y no s\u00f3lo participaron productores agropecuarios, sino vecinos que hace meses no ven a sus familiares (ubicados al otro lado de la frontera provincial) y trabajadores de distintos rubros, cansados de las complicaciones que sufren al momento de tener que trasladarse de una provincia a otra para trabajar.<\/p><\/blockquote>\n<p>En tanto este domingo, pese a la lluvia reinante en la zona, nuevamente pobladores del sur cordob\u00e9s y del norte pampeano se volvieron a manifestar ante las autoridades de ambas provincias con el objetivo \u00ab<strong>que entiendan la necesidad de vecinos, pacientes, productores, empresarios, comerciantes, jubilados, profesionales, prestadores de servicios, empleados y trabajadores de poder circular para cumplir actividades esenciales o recibir atenci\u00f3n m\u00e9dica\u00bb.<\/strong><\/p>\n<figure class=\"wp-block-gallery columns-1 is-cropped\">\n<ul class=\"blocks-gallery-grid\">\n<li class=\"blocks-gallery-item\">\n<figure><img loading=\"lazy\" decoding=\"async\" class=\"wp-image-50541 lazy-loaded\" src=\"https:\/\/zonalnoticias.com\/wp-content\/uploads\/2020\/10\/nueva-marcha-por-la-circulacion-interprovincial-1-1024x473.jpg\" alt=\"\" width=\"1024\" height=\"473\" data-lazy-type=\"image\" data-src=\"https:\/\/zonalnoticias.com\/wp-content\/uploads\/2020\/10\/nueva-marcha-por-la-circulacion-interprovincial-1-1024x473.jpg\" data-id=\"50541\" data-full-url=\"https:\/\/zonalnoticias.com\/wp-content\/uploads\/2020\/10\/nueva-marcha-por-la-circulacion-interprovincial-1.jpg\" data-link=\"https:\/\/zonalnoticias.com\/?attachment_id=50541\" data-srcset=\"\" \/><\/figure>\n<\/li>\n<\/ul>\n<\/figure>\n<p>En una carta abierta que difundieron, los vecinos remarcaron que cumpliendo\u00a0<strong>medidas de aislamiento y distanciamiento alcanzan para contrarrestar los peligros.<\/strong><\/p>\n<blockquote class=\"wp-block-quote\"><p>\u00abLas normas nacionales habilitan la circulaci\u00f3n para trabajos esenciales y la Constituci\u00f3n Nacional respalda tambi\u00e9n el derecho de transitar por suelo argentino cumpliendo las disposiciones vigentes. Para eso , dejamos en claro que la prevenci\u00f3n debe seguir para evitar la propagaci\u00f3n del covid 19 y se deben extremar todos los recursos para frenar su avance\u00bb, prosiguieron.<\/p><\/blockquote>\n<p>\u00abNos moviliza la raz\u00f3n y queremos que nuestros Gobernadores puedan entender que habitar una zona de frontera interprovincial genera v\u00ednculos muy fuertes de intercambios y no podemos evitar , diariamente, pasar de un distrito a otro por necesidad.\u00a0<strong>Defendemos la Salud de cada cordob\u00e9s, pampeano y puntano con la m\u00e1xima responsabilidad pero debemos convivir con este virus, trabajar, producir, comercializar e interactuar en \u00e1mbitos que demanda el bienestar b\u00e1sico de los ciudadanos<\/strong>\u00ab, se\u00f1alaron.<\/p>\n<p>\u00abAccederemos a estrategias de identificaci\u00f3n que dispongan para ingresar a cada localidad y colaboraremos siempre en la prevenci\u00f3n; vivimos en tres provincias diferentes pero somos iguales, somos argentinos\u00bb, reclamaron.<\/p>\n<p>\u00abNo sabemos hasta cuando seguir\u00e1 este contexto de pandemia; s\u00ed sabemos que ya no podemos vivir m\u00e1s de esta manera y debemos convivir con el covid 19. Para eso debemos adoptar cambios , ser solidarios, ser responsables y evitar los abusos de poder\u201d, finalizaron.<\/p>\n<p>ZONAL NOTICIAS.<\/p>\n<p><strong>Fotos gentileza Jos\u00e9 Mar\u00eda Gonz\u00e1lez<\/strong><\/p>\n<div class=\"oasis-despues-del-contenido\" id=\"oasis-1234425216\"><img loading=\"lazy\" decoding=\"async\" src=\"https:\/\/oasisfm935.com.ar\/site\/wp-content\/uploads\/2020\/08\/47806202-8741-49f2-a5c9-d2f930e5baa1.jpg\" alt=\"\"  srcset=\"https:\/\/oasisfm935.com.ar\/site\/wp-content\/uploads\/2020\/08\/47806202-8741-49f2-a5c9-d2f930e5baa1.jpg 1080w, https:\/\/oasisfm935.com.ar\/site\/wp-content\/uploads\/2020\/08\/47806202-8741-49f2-a5c9-d2f930e5baa1-300x300.jpg 300w, https:\/\/oasisfm935.com.ar\/site\/wp-content\/uploads\/2020\/08\/47806202-8741-49f2-a5c9-d2f930e5baa1-1024x1024.jpg 1024w, https:\/\/oasisfm935.com.ar\/site\/wp-content\/uploads\/2020\/08\/47806202-8741-49f2-a5c9-d2f930e5baa1-150x150.jpg 150w, https:\/\/oasisfm935.com.ar\/site\/wp-content\/uploads\/2020\/08\/47806202-8741-49f2-a5c9-d2f930e5baa1-768x768.jpg 768w\" sizes=\"(max-width: 1080px) 100vw, 1080px\" class=\"no-lazyload\" width=\"1080\" height=\"1080\"  style=\"display: inline-block;\" \/><\/div>","protected":false},"excerpt":{"rendered":"<p>A pesar de la jornada lluviosa, este domingo vecinos de Huinca Renanc\u00f3, y del norte pampeano, en su mayor\u00eda de Realic\u00f3, volvieron<\/p>\n","protected":false},"author":4,"featured_media":7196,"comment_status":"closed","ping_status":"open","sticky":false,"template":"","format":"standard","meta":{"colormag_page_layout":"default_layout","footnotes":""},"categories":[2],"tags":[],"class_list":["post-7194","post","type-post","status-publish","format-standard","has-post-thumbnail","hentry","category-noticias"],"_links":{"self":[{"href":"https:\/\/oasisfm935.com.ar\/site\/wp-json\/wp\/v2\/posts\/7194","targetHints":{"allow":["GET"]}}],"collection":[{"href":"https:\/\/oasisfm935.com.ar\/site\/wp-json\/wp\/v2\/posts"}],"about":[{"href":"https:\/\/oasisfm935.com.ar\/site\/wp-json\/wp\/v2\/types\/post"}],"author":[{"embeddable":true,"href":"https:\/\/oasisfm935.com.ar\/site\/wp-json\/wp\/v2\/users\/4"}],"replies":[{"embeddable":true,"href":"https:\/\/oasisfm935.com.ar\/site\/wp-json\/wp\/v2\/comments?post=7194"}],"version-history":[{"count":1,"href":"https:\/\/oasisfm935.com.ar\/site\/wp-json\/wp\/v2\/posts\/7194\/revisions"}],"predecessor-version":[{"id":7197,"href":"https:\/\/oasisfm935.com.ar\/site\/wp-json\/wp\/v2\/posts\/7194\/revisions\/7197"}],"wp:featuredmedia":[{"embeddable":true,"href":"https:\/\/oasisfm935.com.ar\/site\/wp-json\/wp\/v2\/media\/7196"}],"wp:attachment":[{"href":"https:\/\/oasisfm935.com.ar\/site\/wp-json\/wp\/v2\/media?parent=7194"}],"wp:term":[{"taxonomy":"category","embeddable":true,"href":"https:\/\/oasisfm935.com.ar\/site\/wp-json\/wp\/v2\/categories?post=7194"},{"taxonomy":"post_tag","embeddable":true,"href":"https:\/\/oasisfm935.com.ar\/site\/wp-json\/wp\/v2\/tags?post=7194"}],"curies":[{"name":"wp","href":"https:\/\/api.w.org\/{rel}","templated":true}]}}