{"id":721,"date":"2019-02-07T17:52:04","date_gmt":"2019-02-07T20:52:04","guid":{"rendered":"http:\/\/oasisfm935.com\/site\/?p=721"},"modified":"2019-02-07T17:52:04","modified_gmt":"2019-02-07T20:52:04","slug":"inflacion-macri-admite-el-fracaso-y-pide-cuidar-el-mango","status":"publish","type":"post","link":"https:\/\/oasisfm935.com.ar\/site\/inflacion-macri-admite-el-fracaso-y-pide-cuidar-el-mango\/","title":{"rendered":"Inflaci\u00f3n: Macri admite el fracaso y pide \u201ccuidar el mango\u201d"},"content":{"rendered":"<p>El presidente dijo que falta para que la econom\u00eda \u201cse vuelva a poner en marcha\u201d.\u00a0<strong>Mientras tanto, est\u00e1 en campa\u00f1a por la reelecci\u00f3n: el viernes se saca la foto con Mar\u00eda Eugenia Vidal y Horacio Rodr\u00edguez Larreta.<\/strong><\/p>\n<p>El presidente Mauricio Macri volvi\u00f3 a hablar este jueves sobre la inflaci\u00f3n. Admiti\u00f3 que hasta ahora no hay \u00e9xito en la pelea. Dijo que le cost\u00f3 m\u00e1s de lo que imagin\u00f3 solucionar el problema y argument\u00f3 que fue \u201cdemasiado optimista\u201d cuando dijo en plena campa\u00f1a que era muy f\u00e1cil combatir el incremento de precios.<\/p>\n<p>\u201cLa inflaci\u00f3n se combate no gastando m\u00e1s de lo que uno tiene. Eso nos ha costado much\u00edsimo, la Argentina arrastra este problema hace d\u00e9cadas. Nos ha costado m\u00e1s de lo que imagin\u00e9. En esto tal vez fui demasiado optimista\u201d, admiti\u00f3.<\/p>\n<p>\u201cCon alta inflaci\u00f3n es imposible, por algo m\u00e1s del 90% de los pa\u00edses del mundo no tienen, tenemos que lograrlo, no hay excusa, por primera vez tenemos equilibrio primario en el presupuesto, pero hay que cumplirlo, seguir y cuidar el mango para lograrlo\u201d, agreg\u00f3.<\/p>\n<p>En di\u00e1logo con FM 100.1 Radio de la Costa, Macri dijo tambi\u00e9n que el cierre de 2018 \u201cfue muy traum\u00e1tico\u201d y sostuvo que \u201cfalta mucho, hay cosas que seguir resolviendo para que la econom\u00eda se vuelva a poner en marcha\u201d.<\/p>\n<p>Pese a conceder la compleja situaci\u00f3n que atraviesa la econom\u00eda, el jefe de Estado se mostr\u00f3 convencido de las posibilidades de Cambiemos de cara a la campa\u00f1a. \u00abTengo la convicci\u00f3n de que los argentinos elegimos el cambio, incorporarnos al mundo, decirnos la verdad, poner los problemas sobre la mesa. Y entendemos que las cosas que heredamos no se resuelven en tres a\u00f1os\u00bb, indic\u00f3. Es el mensaje que el oficialismo repetir\u00e1 durante la campa\u00f1a.<\/p>\n<p>El viernes Macri posar\u00e1 para la foto con Mar\u00eda Eugenia Vidal y Horacio Rodr\u00edguez Larreta, por primera vez desde que los mandatarios decidieran unificar las elecciones en sus distritos para apuntalar el intento del Presidente de buscar la reelecci\u00f3n.<\/p>\n<p>\u00abNo es tan f\u00e1cil construir la Argentina que so\u00f1amos. Hay que tener convicci\u00f3n y ser constante. Espero que todos sigan apostando a lo que hemos hecho. Hay que batallar por estos valores y decirle basta a los comportamientos mafiosos y decir basta a hacer la vista gorda con el narcotr\u00e1fico\u00bb, complet\u00f3 Macri.<\/p>\n<p>El mandatario insisti\u00f3 en su mensaje con tinte electoral y le habl\u00f3 a la clase media, un sector que el oficialismo busca reconquistar y acaso el m\u00e1s afectado por las medidas econ\u00f3micas trazadas por el Gobierno. \u00abTenemos que seguir trabajando juntos, no buscar m\u00e1s el atajo, la mentira y la estafa, que nos ha llevado a tener una clase media muy golpeada\u00bb, afirm\u00f3.<\/p>\n<div class=\"oasis-despues-del-contenido\" id=\"oasis-874544013\"><img loading=\"lazy\" decoding=\"async\" src=\"https:\/\/oasisfm935.com.ar\/site\/wp-content\/uploads\/2020\/08\/47806202-8741-49f2-a5c9-d2f930e5baa1.jpg\" alt=\"\"  srcset=\"https:\/\/oasisfm935.com.ar\/site\/wp-content\/uploads\/2020\/08\/47806202-8741-49f2-a5c9-d2f930e5baa1.jpg 1080w, https:\/\/oasisfm935.com.ar\/site\/wp-content\/uploads\/2020\/08\/47806202-8741-49f2-a5c9-d2f930e5baa1-300x300.jpg 300w, https:\/\/oasisfm935.com.ar\/site\/wp-content\/uploads\/2020\/08\/47806202-8741-49f2-a5c9-d2f930e5baa1-1024x1024.jpg 1024w, https:\/\/oasisfm935.com.ar\/site\/wp-content\/uploads\/2020\/08\/47806202-8741-49f2-a5c9-d2f930e5baa1-150x150.jpg 150w, https:\/\/oasisfm935.com.ar\/site\/wp-content\/uploads\/2020\/08\/47806202-8741-49f2-a5c9-d2f930e5baa1-768x768.jpg 768w\" sizes=\"(max-width: 1080px) 100vw, 1080px\" class=\"no-lazyload\" width=\"1080\" height=\"1080\"  style=\"display: inline-block;\" \/><\/div>","protected":false},"excerpt":{"rendered":"<p>El presidente dijo que falta para que la econom\u00eda \u201cse vuelva a poner en marcha\u201d.\u00a0Mientras tanto, est\u00e1 en campa\u00f1a por la reelecci\u00f3n:<\/p>\n","protected":false},"author":4,"featured_media":722,"comment_status":"closed","ping_status":"open","sticky":false,"template":"","format":"standard","meta":{"colormag_page_layout":"default_layout","footnotes":""},"categories":[2],"tags":[],"class_list":["post-721","post","type-post","status-publish","format-standard","has-post-thumbnail","hentry","category-noticias"],"_links":{"self":[{"href":"https:\/\/oasisfm935.com.ar\/site\/wp-json\/wp\/v2\/posts\/721","targetHints":{"allow":["GET"]}}],"collection":[{"href":"https:\/\/oasisfm935.com.ar\/site\/wp-json\/wp\/v2\/posts"}],"about":[{"href":"https:\/\/oasisfm935.com.ar\/site\/wp-json\/wp\/v2\/types\/post"}],"author":[{"embeddable":true,"href":"https:\/\/oasisfm935.com.ar\/site\/wp-json\/wp\/v2\/users\/4"}],"replies":[{"embeddable":true,"href":"https:\/\/oasisfm935.com.ar\/site\/wp-json\/wp\/v2\/comments?post=721"}],"version-history":[{"count":1,"href":"https:\/\/oasisfm935.com.ar\/site\/wp-json\/wp\/v2\/posts\/721\/revisions"}],"predecessor-version":[{"id":723,"href":"https:\/\/oasisfm935.com.ar\/site\/wp-json\/wp\/v2\/posts\/721\/revisions\/723"}],"wp:featuredmedia":[{"embeddable":true,"href":"https:\/\/oasisfm935.com.ar\/site\/wp-json\/wp\/v2\/media\/722"}],"wp:attachment":[{"href":"https:\/\/oasisfm935.com.ar\/site\/wp-json\/wp\/v2\/media?parent=721"}],"wp:term":[{"taxonomy":"category","embeddable":true,"href":"https:\/\/oasisfm935.com.ar\/site\/wp-json\/wp\/v2\/categories?post=721"},{"taxonomy":"post_tag","embeddable":true,"href":"https:\/\/oasisfm935.com.ar\/site\/wp-json\/wp\/v2\/tags?post=721"}],"curies":[{"name":"wp","href":"https:\/\/api.w.org\/{rel}","templated":true}]}}