{"id":7212,"date":"2020-10-05T13:04:06","date_gmt":"2020-10-05T16:04:06","guid":{"rendered":"http:\/\/oasisfm935.com\/site\/?p=7212"},"modified":"2020-10-05T13:04:06","modified_gmt":"2020-10-05T16:04:06","slug":"formalizaron-la-baja-temporal-de-retenciones-a-la-soja","status":"publish","type":"post","link":"https:\/\/oasisfm935.com.ar\/site\/formalizaron-la-baja-temporal-de-retenciones-a-la-soja\/","title":{"rendered":"Formalizaron la baja temporal de retenciones a la soja"},"content":{"rendered":"<p>El Gobierno oficializ\u00f3 una\u00a0<strong>reducci\u00f3n de los derechos de exportaci\u00f3n\u00a0<\/strong>para el complejo sojero a partir de octubre hasta fin de a\u00f1o. Lo hizo a trav\u00e9s del\u00a0<strong>decreto 790\/2020<\/strong>\u00a0publicado hoy en el Bolet\u00edn Oficial, que precis\u00f3 que en el caso de granos de soja, las retenciones\u00a0<strong>bajar\u00e1n tres puntos porcentuales del 33% actual al 30% en octubre.<\/strong><\/p>\n<p>Mientras que en\u00a0<strong>noviembre\u00a0<\/strong>la al\u00edcuota ser\u00e1 del\u00a0<strong>31,5%<\/strong>\u00a0y en<strong>\u00a0diciembre del 32%<\/strong>; y en\u00a0<strong>enero\u00a0<\/strong>pr\u00f3ximo,<strong>\u00a0la retenci\u00f3n volver\u00e1 a ser del 33%.<\/strong><\/p>\n<p>Por su parte, para\u00a0<strong>aceites\u00a0<\/strong>la reducci\u00f3n pasa en octubre del 33% al 27% o 28% dependiendo del producto, que converger\u00e1 del 30% al 31% en enero de 2021, \u00abestableciendo una brecha entre el grano y los aceites\u00bb, m\u00e1s conocido como diferencial.<\/p>\n<p>Para el\u00a0<strong>biodi\u00e9sel\u00a0<\/strong>se reduce la al\u00edcutoa del 30% al 26% en octubre para culminar en un 29% en enero de 2021.<\/p>\n<div class=\"g g-1\">\n<p>Esta medida busca impulsar las ventas de granos de soja en manos de los productores, estimada en torno a los 16,8 millones de toneladas, en base a c\u00e1lculos que se pueden realizar con datos del Ministerio de Agricultura.<\/p>\n<p>Tambi\u00e9n pretende acelerar la liquidaci\u00f3n de exportaciones por parte de las empresas exportadoras agroindustriales, que en el acumulado en lo que va del a\u00f1o presentan una merma de casi el 13% respecto a los primeros 9 meses del a\u00f1o al totalizar US$ 15.133,768 millones.<\/p>\n<\/div>\n<div class=\"oasis-despues-del-contenido\" id=\"oasis-3877536196\"><img loading=\"lazy\" decoding=\"async\" src=\"https:\/\/oasisfm935.com.ar\/site\/wp-content\/uploads\/2020\/08\/47806202-8741-49f2-a5c9-d2f930e5baa1.jpg\" alt=\"\"  srcset=\"https:\/\/oasisfm935.com.ar\/site\/wp-content\/uploads\/2020\/08\/47806202-8741-49f2-a5c9-d2f930e5baa1.jpg 1080w, https:\/\/oasisfm935.com.ar\/site\/wp-content\/uploads\/2020\/08\/47806202-8741-49f2-a5c9-d2f930e5baa1-300x300.jpg 300w, https:\/\/oasisfm935.com.ar\/site\/wp-content\/uploads\/2020\/08\/47806202-8741-49f2-a5c9-d2f930e5baa1-1024x1024.jpg 1024w, https:\/\/oasisfm935.com.ar\/site\/wp-content\/uploads\/2020\/08\/47806202-8741-49f2-a5c9-d2f930e5baa1-150x150.jpg 150w, https:\/\/oasisfm935.com.ar\/site\/wp-content\/uploads\/2020\/08\/47806202-8741-49f2-a5c9-d2f930e5baa1-768x768.jpg 768w\" sizes=\"(max-width: 1080px) 100vw, 1080px\" class=\"no-lazyload\" width=\"1080\" height=\"1080\"  style=\"display: inline-block;\" \/><\/div>","protected":false},"excerpt":{"rendered":"<p>El Gobierno oficializ\u00f3 una\u00a0reducci\u00f3n de los derechos de exportaci\u00f3n\u00a0para el complejo sojero a partir de octubre hasta fin de a\u00f1o. Lo hizo<\/p>\n","protected":false},"author":4,"featured_media":7213,"comment_status":"closed","ping_status":"open","sticky":false,"template":"","format":"standard","meta":{"colormag_page_layout":"default_layout","footnotes":""},"categories":[2],"tags":[],"class_list":["post-7212","post","type-post","status-publish","format-standard","has-post-thumbnail","hentry","category-noticias"],"_links":{"self":[{"href":"https:\/\/oasisfm935.com.ar\/site\/wp-json\/wp\/v2\/posts\/7212","targetHints":{"allow":["GET"]}}],"collection":[{"href":"https:\/\/oasisfm935.com.ar\/site\/wp-json\/wp\/v2\/posts"}],"about":[{"href":"https:\/\/oasisfm935.com.ar\/site\/wp-json\/wp\/v2\/types\/post"}],"author":[{"embeddable":true,"href":"https:\/\/oasisfm935.com.ar\/site\/wp-json\/wp\/v2\/users\/4"}],"replies":[{"embeddable":true,"href":"https:\/\/oasisfm935.com.ar\/site\/wp-json\/wp\/v2\/comments?post=7212"}],"version-history":[{"count":1,"href":"https:\/\/oasisfm935.com.ar\/site\/wp-json\/wp\/v2\/posts\/7212\/revisions"}],"predecessor-version":[{"id":7214,"href":"https:\/\/oasisfm935.com.ar\/site\/wp-json\/wp\/v2\/posts\/7212\/revisions\/7214"}],"wp:featuredmedia":[{"embeddable":true,"href":"https:\/\/oasisfm935.com.ar\/site\/wp-json\/wp\/v2\/media\/7213"}],"wp:attachment":[{"href":"https:\/\/oasisfm935.com.ar\/site\/wp-json\/wp\/v2\/media?parent=7212"}],"wp:term":[{"taxonomy":"category","embeddable":true,"href":"https:\/\/oasisfm935.com.ar\/site\/wp-json\/wp\/v2\/categories?post=7212"},{"taxonomy":"post_tag","embeddable":true,"href":"https:\/\/oasisfm935.com.ar\/site\/wp-json\/wp\/v2\/tags?post=7212"}],"curies":[{"name":"wp","href":"https:\/\/api.w.org\/{rel}","templated":true}]}}