{"id":7215,"date":"2020-10-05T14:50:25","date_gmt":"2020-10-05T17:50:25","guid":{"rendered":"http:\/\/oasisfm935.com\/site\/?p=7215"},"modified":"2020-10-05T14:50:25","modified_gmt":"2020-10-05T17:50:25","slug":"tras-11-dias-internado-el-chaqueno-palavecino-llamo-a-tomarse-en-serio-la-pandemia","status":"publish","type":"post","link":"https:\/\/oasisfm935.com.ar\/site\/tras-11-dias-internado-el-chaqueno-palavecino-llamo-a-tomarse-en-serio-la-pandemia\/","title":{"rendered":"Tras 11 d\u00edas internado, el Chaque\u00f1o Palavecino llam\u00f3 a \u00abtomarse en serio la pandemia\u00bb"},"content":{"rendered":"<p>El Chaque\u00f1o Palavecino, recientemente recuperado de coronavirus luego de atravesar 11 d\u00edas internado, agradeci\u00f3 a trav\u00e9s de un video al personal m\u00e9dico que lo atendi\u00f3 en Salta y pidi\u00f3 a sus seguidores que \u00abse tomen en serio\u00bb la pandemia porque \u00abte pod\u00e9s venir en picada rapid\u00edsimo\u00bb.<\/p>\n<p>\u00abMi mensaje es que lo tomen en serio, que esto no es joda, cuando entr\u00e1s en un cuadro te ven\u00eds en picada rapid\u00edsimo. As\u00ed que a todos a cuidarse\u00bb, pidi\u00f3 el folclorista que el pasado 12 de septiembre hab\u00eda recibido el resultado positivo de la Covid-19.<\/p>\n<p>\u00abS\u00e9 que hay mucha gente que ha hecho todo lo posible, m\u00e1s all\u00e1 de la cadena de rezos, hubo muchos profesionales\u00bb, reconoci\u00f3 el m\u00fasico en un registro audiovisual grabado al aire libre en el que se lo ve con barbijo.<\/p>\n<p>Si bien en un comienzo se mantuvo en aislamiento en su casa en Rosario de Lerma, Salta, el jueves 17 y tras leves desmejor\u00edas en su estado general, el equipo m\u00e9dico decidi\u00f3 internarlo dado que en una tomograf\u00eda encontraron una leve infiltraci\u00f3n en el pulm\u00f3n.<\/p>\n<p>As\u00ed fue que permaneci\u00f3 11 d\u00edas internado en el \u00e1rea de terapia donde ingres\u00f3 en un estado cr\u00edtico, con ox\u00edgeno y donde recibi\u00f3 dos tratamientos: una \u00fanica transfusi\u00f3n de plasma y un tratamiento intensivo con ibuprofenato de sodio inhalado, lo cual fue generando mejoras constantes en su estado.<\/p>\n<p>\u00abMe sent\u00ed muy contenido en un momento cr\u00edtico, dif\u00edcil para cualquier persona que est\u00e1 peleando por vivir\u00bb, dijo el m\u00fasico, de 60 a\u00f1os, respecto al personal m\u00e9dico que lo trat\u00f3.<\/p>\n<p>Adem\u00e1s, agradeci\u00f3 a la Mutual de Sadaic y a los profesionales de terapia intensiva que estuvieron con \u00e9l \u00aben el momento m\u00e1s dif\u00edcil\u00bb.<\/p>\n<p>\u00abOjal\u00e1 esto nos ayude a entender que esto no es joda\u00bb, sostuvo Palavecino. \u00abVeo que unos dicen que esto no es, que s\u00ed, que se discute y yo lo viv\u00ed en mi propio cuero: y hay gente que se salva y otra no; yo vi gente joven irse y gente grande quedarse\u00bb, agreg\u00f3.<\/p>\n<p><strong>(T\u00e9lam)<\/strong><\/p>\n<div class=\"oasis-despues-del-contenido\" id=\"oasis-4226615933\"><img loading=\"lazy\" decoding=\"async\" src=\"https:\/\/oasisfm935.com.ar\/site\/wp-content\/uploads\/2020\/08\/47806202-8741-49f2-a5c9-d2f930e5baa1.jpg\" alt=\"\"  srcset=\"https:\/\/oasisfm935.com.ar\/site\/wp-content\/uploads\/2020\/08\/47806202-8741-49f2-a5c9-d2f930e5baa1.jpg 1080w, https:\/\/oasisfm935.com.ar\/site\/wp-content\/uploads\/2020\/08\/47806202-8741-49f2-a5c9-d2f930e5baa1-300x300.jpg 300w, https:\/\/oasisfm935.com.ar\/site\/wp-content\/uploads\/2020\/08\/47806202-8741-49f2-a5c9-d2f930e5baa1-1024x1024.jpg 1024w, https:\/\/oasisfm935.com.ar\/site\/wp-content\/uploads\/2020\/08\/47806202-8741-49f2-a5c9-d2f930e5baa1-150x150.jpg 150w, https:\/\/oasisfm935.com.ar\/site\/wp-content\/uploads\/2020\/08\/47806202-8741-49f2-a5c9-d2f930e5baa1-768x768.jpg 768w\" sizes=\"(max-width: 1080px) 100vw, 1080px\" class=\"no-lazyload\" width=\"1080\" height=\"1080\"  style=\"display: inline-block;\" \/><\/div>","protected":false},"excerpt":{"rendered":"<p>El Chaque\u00f1o Palavecino, recientemente recuperado de coronavirus luego de atravesar 11 d\u00edas internado, agradeci\u00f3 a trav\u00e9s de un video al personal m\u00e9dico<\/p>\n","protected":false},"author":4,"featured_media":7216,"comment_status":"closed","ping_status":"open","sticky":false,"template":"","format":"standard","meta":{"colormag_page_layout":"default_layout","footnotes":""},"categories":[2],"tags":[],"class_list":["post-7215","post","type-post","status-publish","format-standard","has-post-thumbnail","hentry","category-noticias"],"_links":{"self":[{"href":"https:\/\/oasisfm935.com.ar\/site\/wp-json\/wp\/v2\/posts\/7215","targetHints":{"allow":["GET"]}}],"collection":[{"href":"https:\/\/oasisfm935.com.ar\/site\/wp-json\/wp\/v2\/posts"}],"about":[{"href":"https:\/\/oasisfm935.com.ar\/site\/wp-json\/wp\/v2\/types\/post"}],"author":[{"embeddable":true,"href":"https:\/\/oasisfm935.com.ar\/site\/wp-json\/wp\/v2\/users\/4"}],"replies":[{"embeddable":true,"href":"https:\/\/oasisfm935.com.ar\/site\/wp-json\/wp\/v2\/comments?post=7215"}],"version-history":[{"count":1,"href":"https:\/\/oasisfm935.com.ar\/site\/wp-json\/wp\/v2\/posts\/7215\/revisions"}],"predecessor-version":[{"id":7217,"href":"https:\/\/oasisfm935.com.ar\/site\/wp-json\/wp\/v2\/posts\/7215\/revisions\/7217"}],"wp:featuredmedia":[{"embeddable":true,"href":"https:\/\/oasisfm935.com.ar\/site\/wp-json\/wp\/v2\/media\/7216"}],"wp:attachment":[{"href":"https:\/\/oasisfm935.com.ar\/site\/wp-json\/wp\/v2\/media?parent=7215"}],"wp:term":[{"taxonomy":"category","embeddable":true,"href":"https:\/\/oasisfm935.com.ar\/site\/wp-json\/wp\/v2\/categories?post=7215"},{"taxonomy":"post_tag","embeddable":true,"href":"https:\/\/oasisfm935.com.ar\/site\/wp-json\/wp\/v2\/tags?post=7215"}],"curies":[{"name":"wp","href":"https:\/\/api.w.org\/{rel}","templated":true}]}}