{"id":7219,"date":"2020-10-05T18:55:12","date_gmt":"2020-10-05T21:55:12","guid":{"rendered":"http:\/\/oasisfm935.com\/site\/?p=7219"},"modified":"2020-10-05T18:55:12","modified_gmt":"2020-10-05T21:55:12","slug":"la-pampa-otros-23-casos-positivos-de-123-muestras-analizadas","status":"publish","type":"post","link":"https:\/\/oasisfm935.com.ar\/site\/la-pampa-otros-23-casos-positivos-de-123-muestras-analizadas\/","title":{"rendered":"La Pampa: Otros 23 casos positivos, de 123 muestras analizadas"},"content":{"rendered":"<p><strong>Los nuevos contagios corresponden\u00a0siete a General Pico, seis en Santa Rosa, cinco en 25 de Mayo, tres en Toay y dos en Winifreda. En todos los casos se encontraban \u00abaislados\u00bb por ser contactos estrechos de casos positivos.<\/strong><\/p>\n<p>El Gobierno Provincial, a trav\u00e9s del Ministerio de Salud,\u00a0 dio a conocer que en la tarde de este lunes se finaliz\u00f3 con el procesamiento de 123 muestras en los laboratorios de la Direcci\u00f3n de Epidemiolog\u00eda, Lucio Molas y Gobernador Centeno, de las cuales 23 resultaron positivas de COVID-19.<\/p>\n<p>\u00abDe las personas diagnosticadas como positivas 6 son residentes en la ciudad de Santa Rosa, 5 en 25 de Mayo, 7 en General Pico, 2 de Winifreda y 3 en Toay\u00bb, se indic\u00f3 en un comunicado de prensa oficial.<\/p>\n<p>\u00abTodas las personas se encontraban aisladas por ser consideradas contactos estrechos de casos positivos\u00bb, aclar\u00f3 el mismo escrito.<\/p>\n<p>Adem\u00e1s, en el informe sanitario de este lunes se hizo una aclaraci\u00f3n sobre la carga de casos confirmados en el Reporte Nacional: \u00abes importante aclarar que existe una diferencia de casos confirmados entre el Reporte Provincial y el Nacional ya que se asisten y notifican pacientes que viven en otras provincias que tienen domicilio legal (el que figura en el DNI) en la Provincia de La Pampa\u00bb, se indic\u00f3.<\/p>\n<p>\u201cB\u00fasqueda Activa\u201d en Winifreda<\/p>\n<p>Se desarroll\u00f3 hoy en la localidad de Winifreda el programa de \u201cB\u00fasqueda Activa\u201d de posibles casos de COVID-19. Se visitaron 75 viviendas y se realiz\u00f3 seguimiento a 301 ciudadanos. No se encontraron personas sintom\u00e1ticas, por lo que no se realiz\u00f3 ning\u00fan hisopado.<\/p>\n<p>Situaci\u00f3n provincial<\/p>\n<p>Desde el inicio de la pandemia, en La Pampa, se registraron un total de 837 casos positivos para COVID-19, de los cuales 222 permanecen activos, 10 han fallecido y 605 se han recuperado, entre estos \u00faltimos se encuentran 3 personas de Toay, 1 Bernasconi, 2 de Realic\u00f3, 6 de 25 de Mayo, 7 de Alvear.<\/p>\n<p>Los casos confirmados activos est\u00e1n distribuidos de la siguiente manera: 43 en la ciudad de Santa Rosa, 45 en General Pico, 28 en 25 de Mayo, 15 en Toay, 13 en Alvear, 14 en Bernardo Larroud\u00e9, 22 en Winifreda, 11 en Realic\u00f3, 8 en Quem\u00fa Quem\u00fa, 5 en Bernasconi, 7 en General San Mart\u00edn, 2 en Abramo, 2 en Parera, 2 en Lonquimay, 3 en Embajador Martini y 2 en Macach\u00edn.<\/p>\n<p>Al d\u00eda de la fecha se encuentran aisladas un total de 4.911 personas en toda la Provincia.<\/p>\n<p>Se encuentran internadas 23 personas confirmadas para COVID-19. En General Pico 11 personas, de ellas 5 en sala de terapia intensiva y 6 en modulares. En el Centro Emergente de Asistencia Respiratoria (CEAR) de Santa Rosa, se encuentran internadas 12 personas, de ellas 10 en cl\u00ednica m\u00e9dica y 2 en terapia intensiva.<\/p>\n<div class=\"oasis-despues-del-contenido\" id=\"oasis-2026101971\"><img loading=\"lazy\" decoding=\"async\" src=\"https:\/\/oasisfm935.com.ar\/site\/wp-content\/uploads\/2020\/08\/47806202-8741-49f2-a5c9-d2f930e5baa1.jpg\" alt=\"\"  srcset=\"https:\/\/oasisfm935.com.ar\/site\/wp-content\/uploads\/2020\/08\/47806202-8741-49f2-a5c9-d2f930e5baa1.jpg 1080w, https:\/\/oasisfm935.com.ar\/site\/wp-content\/uploads\/2020\/08\/47806202-8741-49f2-a5c9-d2f930e5baa1-300x300.jpg 300w, https:\/\/oasisfm935.com.ar\/site\/wp-content\/uploads\/2020\/08\/47806202-8741-49f2-a5c9-d2f930e5baa1-1024x1024.jpg 1024w, https:\/\/oasisfm935.com.ar\/site\/wp-content\/uploads\/2020\/08\/47806202-8741-49f2-a5c9-d2f930e5baa1-150x150.jpg 150w, https:\/\/oasisfm935.com.ar\/site\/wp-content\/uploads\/2020\/08\/47806202-8741-49f2-a5c9-d2f930e5baa1-768x768.jpg 768w\" sizes=\"(max-width: 1080px) 100vw, 1080px\" class=\"no-lazyload\" width=\"1080\" height=\"1080\"  style=\"display: inline-block;\" \/><\/div>","protected":false},"excerpt":{"rendered":"<p>Los nuevos contagios corresponden\u00a0siete a General Pico, seis en Santa Rosa, cinco en 25 de Mayo, tres en Toay y dos en<\/p>\n","protected":false},"author":4,"featured_media":7220,"comment_status":"closed","ping_status":"open","sticky":false,"template":"","format":"standard","meta":{"colormag_page_layout":"default_layout","footnotes":""},"categories":[2],"tags":[],"class_list":["post-7219","post","type-post","status-publish","format-standard","has-post-thumbnail","hentry","category-noticias"],"_links":{"self":[{"href":"https:\/\/oasisfm935.com.ar\/site\/wp-json\/wp\/v2\/posts\/7219","targetHints":{"allow":["GET"]}}],"collection":[{"href":"https:\/\/oasisfm935.com.ar\/site\/wp-json\/wp\/v2\/posts"}],"about":[{"href":"https:\/\/oasisfm935.com.ar\/site\/wp-json\/wp\/v2\/types\/post"}],"author":[{"embeddable":true,"href":"https:\/\/oasisfm935.com.ar\/site\/wp-json\/wp\/v2\/users\/4"}],"replies":[{"embeddable":true,"href":"https:\/\/oasisfm935.com.ar\/site\/wp-json\/wp\/v2\/comments?post=7219"}],"version-history":[{"count":1,"href":"https:\/\/oasisfm935.com.ar\/site\/wp-json\/wp\/v2\/posts\/7219\/revisions"}],"predecessor-version":[{"id":7221,"href":"https:\/\/oasisfm935.com.ar\/site\/wp-json\/wp\/v2\/posts\/7219\/revisions\/7221"}],"wp:featuredmedia":[{"embeddable":true,"href":"https:\/\/oasisfm935.com.ar\/site\/wp-json\/wp\/v2\/media\/7220"}],"wp:attachment":[{"href":"https:\/\/oasisfm935.com.ar\/site\/wp-json\/wp\/v2\/media?parent=7219"}],"wp:term":[{"taxonomy":"category","embeddable":true,"href":"https:\/\/oasisfm935.com.ar\/site\/wp-json\/wp\/v2\/categories?post=7219"},{"taxonomy":"post_tag","embeddable":true,"href":"https:\/\/oasisfm935.com.ar\/site\/wp-json\/wp\/v2\/tags?post=7219"}],"curies":[{"name":"wp","href":"https:\/\/api.w.org\/{rel}","templated":true}]}}