{"id":7230,"date":"2020-10-06T14:40:25","date_gmt":"2020-10-06T17:40:25","guid":{"rendered":"http:\/\/oasisfm935.com\/site\/?p=7230"},"modified":"2020-10-06T14:40:25","modified_gmt":"2020-10-06T17:40:25","slug":"la-pampa-otros-18-casos-de-coronavirus","status":"publish","type":"post","link":"https:\/\/oasisfm935.com.ar\/site\/la-pampa-otros-18-casos-de-coronavirus\/","title":{"rendered":"La Pampa: Otros 18 casos de coronavirus.\u00a0\u00a0\u00a0"},"content":{"rendered":"<dl class=\"article-info muted\">\n<dd class=\"published\"><\/dd>\n<\/dl>\n<div>\n<p>Es el resultado de las 98 muestras procesadas este martes: 6 corresponden a Winifreda, 5 a General Pico, 4 a Santa Rosa y 3 a Realic\u00f3.<\/p>\n<p>El Ministerio de Salud confirm\u00f3 que en horas de la ma\u00f1ana de este martes se finaliz\u00f3 con el procesamiento de 98 muestras en los laboratorios de la Direcci\u00f3n de Epidemiolog\u00eda, Lucio Molas y Gobernador Centeno, de las cuales 18 resultaron positivas para COVID-19.<\/p>\n<p>De las personas confirmadas como positivas 4 son residentes en la ciudad de Santa Rosa, 5 en General Pico, 3 en Realic\u00f3 y 6 en Winifreda. De los 18 casos confirmados, 16 se encontraban aislados por ser considerados contactos estrechos y 2 casos contin\u00faan en investigaci\u00f3n epidemiol\u00f3gica.<\/p>\n<p>En la Provincia de La Pampa, desde el inicio de la pandemia, se registraron un total de 855 casos positivos para COVID-19, de los cuales 215 permanecen activos, 10 han fallecido y 630 se han recuperado, entre estos \u00faltimos se encuentran 2 personas de Toay, 1 de Intendente Alvear, 8 de Quem\u00fa Quem\u00fa, 8 de General Pico y 6 de Santa Rosa. Los casos confirmados activos est\u00e1n distribuidos de la siguiente manera: 41 en la ciudad de Santa Rosa, 42 en General Pico, 28 en 25 de Mayo, 13 en Toay, 12 en Intendente Alvear, 14 en Bernardo Larroud\u00e9, 28 en Winifreda, 14 en Realic\u00f3, 5 en Bernasconi, 7 en General San Mart\u00edn, 2 en Abramo, 2 en Parera, 2 en Lonquimay, 3 en Embajador Martini y 2 en Macach\u00edn.<\/p>\n<p>Al d\u00eda de la fecha se encuentran aisladas un total de 4851 personas en toda la provincia.<\/p>\n<p>Se encuentran internadas 21 personas confirmadas para COVID-19. En General Pico 11 personas, de ellas 3 en sala de terapia intensiva y 8 en modulares. En el Centro Emergente de Asistencia Respiratoria (CEAR) de Santa Rosa, se encuentran internadas 10 personas, de ellas 8 en cl\u00ednica m\u00e9dica y 2 en sala de terapia intensiva.<\/p>\n<\/div>\n<div class=\"oasis-despues-del-contenido\" id=\"oasis-2103795877\"><img loading=\"lazy\" decoding=\"async\" src=\"https:\/\/oasisfm935.com.ar\/site\/wp-content\/uploads\/2020\/08\/47806202-8741-49f2-a5c9-d2f930e5baa1.jpg\" alt=\"\"  srcset=\"https:\/\/oasisfm935.com.ar\/site\/wp-content\/uploads\/2020\/08\/47806202-8741-49f2-a5c9-d2f930e5baa1.jpg 1080w, https:\/\/oasisfm935.com.ar\/site\/wp-content\/uploads\/2020\/08\/47806202-8741-49f2-a5c9-d2f930e5baa1-300x300.jpg 300w, https:\/\/oasisfm935.com.ar\/site\/wp-content\/uploads\/2020\/08\/47806202-8741-49f2-a5c9-d2f930e5baa1-1024x1024.jpg 1024w, https:\/\/oasisfm935.com.ar\/site\/wp-content\/uploads\/2020\/08\/47806202-8741-49f2-a5c9-d2f930e5baa1-150x150.jpg 150w, https:\/\/oasisfm935.com.ar\/site\/wp-content\/uploads\/2020\/08\/47806202-8741-49f2-a5c9-d2f930e5baa1-768x768.jpg 768w\" sizes=\"(max-width: 1080px) 100vw, 1080px\" class=\"no-lazyload\" width=\"1080\" height=\"1080\"  style=\"display: inline-block;\" \/><\/div>","protected":false},"excerpt":{"rendered":"<p>Es el resultado de las 98 muestras procesadas este martes: 6 corresponden a Winifreda, 5 a General Pico, 4 a Santa Rosa<\/p>\n","protected":false},"author":4,"featured_media":7231,"comment_status":"closed","ping_status":"open","sticky":false,"template":"","format":"standard","meta":{"colormag_page_layout":"default_layout","footnotes":""},"categories":[2],"tags":[],"class_list":["post-7230","post","type-post","status-publish","format-standard","has-post-thumbnail","hentry","category-noticias"],"_links":{"self":[{"href":"https:\/\/oasisfm935.com.ar\/site\/wp-json\/wp\/v2\/posts\/7230","targetHints":{"allow":["GET"]}}],"collection":[{"href":"https:\/\/oasisfm935.com.ar\/site\/wp-json\/wp\/v2\/posts"}],"about":[{"href":"https:\/\/oasisfm935.com.ar\/site\/wp-json\/wp\/v2\/types\/post"}],"author":[{"embeddable":true,"href":"https:\/\/oasisfm935.com.ar\/site\/wp-json\/wp\/v2\/users\/4"}],"replies":[{"embeddable":true,"href":"https:\/\/oasisfm935.com.ar\/site\/wp-json\/wp\/v2\/comments?post=7230"}],"version-history":[{"count":1,"href":"https:\/\/oasisfm935.com.ar\/site\/wp-json\/wp\/v2\/posts\/7230\/revisions"}],"predecessor-version":[{"id":7232,"href":"https:\/\/oasisfm935.com.ar\/site\/wp-json\/wp\/v2\/posts\/7230\/revisions\/7232"}],"wp:featuredmedia":[{"embeddable":true,"href":"https:\/\/oasisfm935.com.ar\/site\/wp-json\/wp\/v2\/media\/7231"}],"wp:attachment":[{"href":"https:\/\/oasisfm935.com.ar\/site\/wp-json\/wp\/v2\/media?parent=7230"}],"wp:term":[{"taxonomy":"category","embeddable":true,"href":"https:\/\/oasisfm935.com.ar\/site\/wp-json\/wp\/v2\/categories?post=7230"},{"taxonomy":"post_tag","embeddable":true,"href":"https:\/\/oasisfm935.com.ar\/site\/wp-json\/wp\/v2\/tags?post=7230"}],"curies":[{"name":"wp","href":"https:\/\/api.w.org\/{rel}","templated":true}]}}