{"id":7234,"date":"2020-10-06T18:48:07","date_gmt":"2020-10-06T21:48:07","guid":{"rendered":"http:\/\/oasisfm935.com\/site\/?p=7234"},"modified":"2020-10-06T18:48:07","modified_gmt":"2020-10-06T21:48:07","slug":"no-habria-una-cuarta-entrega-del-ife","status":"publish","type":"post","link":"https:\/\/oasisfm935.com.ar\/site\/no-habria-una-cuarta-entrega-del-ife\/","title":{"rendered":"No habr\u00eda una cuarta entrega del IFE"},"content":{"rendered":"<div class=\"letracopetenota\">Fuentes del Gobierno nacional adelantaron que el Ingreso Familiar de Emergencia supone una fuerte erogaci\u00f3n presupuestaria y habr\u00eda que actualizar la base de los beneficiarios que recobraron la actividad.<\/div>\n<div class=\"letranota text-justify padt15\">\n<p>La cuarta entrega del Ingreso Familiar de Emergencia no se efectuar\u00eda, seg\u00fan adelantaron fuentes del Gobierno nacional a Cadena 3.<\/p>\n<p>La primera raz\u00f3n a la cual se atribuir\u00eda esta decisi\u00f3n es la fuerte erogaci\u00f3n presupuestaria (cada ronda cuesta 90 mil millones de pesos) mientras que la segunda causa responde a la imposibilidad de entrecruzar datos para estableces cuales beneficiarios recobraron la actividad de manera total o parcial.<\/p>\n<p>La indefinici\u00f3n en torno del IFE y los rumores que comenzaron a circular respecto de la continuidad de ese beneficio, llevaron tambi\u00e9n a la directora ejecutiva de la ANSeS, Fernanda Raverta, a expresarse en las \u00faltimas horas.<\/p>\n<p>\u00abSi existe un cuarto pago o se avanza en otra pol\u00edtica social de acompa\u00f1amiento con otras perspectivas, se definir\u00e1 en los pr\u00f3ximos d\u00edas\u00bb, indic\u00f3 la funcionaria.<\/p>\n<p>Seg\u00fan trascendi\u00f3, una de las posibilidades en an\u00e1lisis es que la ayuda de 10 mil pesos involucre s\u00f3lo a j\u00f3venes de entre 18 a 24 a\u00f1os siempre seg\u00fan lo informado por Cadena 3.<\/p>\n<p>\u00abLa pandemia va ofreciendo una realidad distinta para analizar. Por eso no podemos decir ni cu\u00e1ntos IFE va a haber ni c\u00f3mo van a ser. Lo que hacemos todo el tiempo es revisar en funci\u00f3n de la salud y la situaci\u00f3n econ\u00f3mica y a partir de ah\u00ed tomar las decisiones\u00bb, afirm\u00f3 Raverta.<\/p>\n<p>El IFE hasta el momento alcanza a casi nueve millones de personas, sobre todo desocupados o trabajadores de la econom\u00eda informal, que perciben 10 mil pesos por parte del Estado nacional para mitigar los efectos de la pandemia en la actividad econ\u00f3mica.<\/p>\n<p>Seg\u00fan un informe difundido por Anses, \u00absi bien el IFE surgi\u00f3 como una respuesta a la situaci\u00f3n econ\u00f3mica y productiva coyuntural que implica el aislamiento obligatorio, pone sobre la mesa problemas estructurales\u00bb y \u00abexpone c\u00f3mo la desigualdad tambi\u00e9n es un factor amplificador de los efectos negativos de la pandemia\u00bb.<\/p>\n<p>(Cadena 3)<\/p>\n<\/div>\n<div class=\"oasis-despues-del-contenido\" id=\"oasis-3932469128\"><img loading=\"lazy\" decoding=\"async\" src=\"https:\/\/oasisfm935.com.ar\/site\/wp-content\/uploads\/2020\/08\/47806202-8741-49f2-a5c9-d2f930e5baa1.jpg\" alt=\"\"  srcset=\"https:\/\/oasisfm935.com.ar\/site\/wp-content\/uploads\/2020\/08\/47806202-8741-49f2-a5c9-d2f930e5baa1.jpg 1080w, https:\/\/oasisfm935.com.ar\/site\/wp-content\/uploads\/2020\/08\/47806202-8741-49f2-a5c9-d2f930e5baa1-300x300.jpg 300w, https:\/\/oasisfm935.com.ar\/site\/wp-content\/uploads\/2020\/08\/47806202-8741-49f2-a5c9-d2f930e5baa1-1024x1024.jpg 1024w, https:\/\/oasisfm935.com.ar\/site\/wp-content\/uploads\/2020\/08\/47806202-8741-49f2-a5c9-d2f930e5baa1-150x150.jpg 150w, https:\/\/oasisfm935.com.ar\/site\/wp-content\/uploads\/2020\/08\/47806202-8741-49f2-a5c9-d2f930e5baa1-768x768.jpg 768w\" sizes=\"(max-width: 1080px) 100vw, 1080px\" class=\"no-lazyload\" width=\"1080\" height=\"1080\"  style=\"display: inline-block;\" \/><\/div>","protected":false},"excerpt":{"rendered":"<p>Fuentes del Gobierno nacional adelantaron que el Ingreso Familiar de Emergencia supone una fuerte erogaci\u00f3n presupuestaria y habr\u00eda que actualizar la base<\/p>\n","protected":false},"author":4,"featured_media":7235,"comment_status":"closed","ping_status":"open","sticky":false,"template":"","format":"standard","meta":{"colormag_page_layout":"default_layout","footnotes":""},"categories":[2],"tags":[],"class_list":["post-7234","post","type-post","status-publish","format-standard","has-post-thumbnail","hentry","category-noticias"],"_links":{"self":[{"href":"https:\/\/oasisfm935.com.ar\/site\/wp-json\/wp\/v2\/posts\/7234","targetHints":{"allow":["GET"]}}],"collection":[{"href":"https:\/\/oasisfm935.com.ar\/site\/wp-json\/wp\/v2\/posts"}],"about":[{"href":"https:\/\/oasisfm935.com.ar\/site\/wp-json\/wp\/v2\/types\/post"}],"author":[{"embeddable":true,"href":"https:\/\/oasisfm935.com.ar\/site\/wp-json\/wp\/v2\/users\/4"}],"replies":[{"embeddable":true,"href":"https:\/\/oasisfm935.com.ar\/site\/wp-json\/wp\/v2\/comments?post=7234"}],"version-history":[{"count":1,"href":"https:\/\/oasisfm935.com.ar\/site\/wp-json\/wp\/v2\/posts\/7234\/revisions"}],"predecessor-version":[{"id":7236,"href":"https:\/\/oasisfm935.com.ar\/site\/wp-json\/wp\/v2\/posts\/7234\/revisions\/7236"}],"wp:featuredmedia":[{"embeddable":true,"href":"https:\/\/oasisfm935.com.ar\/site\/wp-json\/wp\/v2\/media\/7235"}],"wp:attachment":[{"href":"https:\/\/oasisfm935.com.ar\/site\/wp-json\/wp\/v2\/media?parent=7234"}],"wp:term":[{"taxonomy":"category","embeddable":true,"href":"https:\/\/oasisfm935.com.ar\/site\/wp-json\/wp\/v2\/categories?post=7234"},{"taxonomy":"post_tag","embeddable":true,"href":"https:\/\/oasisfm935.com.ar\/site\/wp-json\/wp\/v2\/tags?post=7234"}],"curies":[{"name":"wp","href":"https:\/\/api.w.org\/{rel}","templated":true}]}}