{"id":724,"date":"2019-02-08T17:39:14","date_gmt":"2019-02-08T20:39:14","guid":{"rendered":"http:\/\/oasisfm935.com\/site\/?p=724"},"modified":"2019-02-08T17:39:14","modified_gmt":"2019-02-08T20:39:14","slug":"ingeniero-luiggi-construye-un-centro-de-rehabilitacion-neurologica","status":"publish","type":"post","link":"https:\/\/oasisfm935.com.ar\/site\/ingeniero-luiggi-construye-un-centro-de-rehabilitacion-neurologica\/","title":{"rendered":"Ingeniero Luiggi construye un Centro de Rehabilitaci\u00f3n Neurol\u00f3gica"},"content":{"rendered":"<p>La obra tiene m\u00e1s de 1.000 metros cuadrados y cuenta con el financiamiento del Gobierno Provincial a trav\u00e9s\u00a0 de la Secretaria de Asuntos Municipales . El intendente de Luiggi cont\u00f3 que decidieron realizarla luego de un censo en la localidad.<\/p>\n<p>El municipio de Ingeniero Luiggi lleva adelante la construcci\u00f3n de un Centro de Rehabilitaci\u00f3n Neurol\u00f3gica para todo el norte pampeano. \u201cEs una obra que nos tiene muy motivados\u201d, expres\u00f3 el intendente de la ciudad, Oscar Zanoli.<\/p>\n<p>\u201cEstamos con muchas expectativas, solamente en Ingeniero Luiggi tenemos unos 40 casos que requieren este tipo de atenci\u00f3n, m\u00e1s de 400 en toda la zona norte y si desde la localidad podemos dar respuesta a chicos y gente adulta que tiene problemas neurol\u00f3gicos a trav\u00e9s de esta obra, el objetivo est\u00e1 m\u00e1s que cumplido\u201d, explic\u00f3 el jefe comunal al portal Zonal Noticias.<\/p>\n<p><a href=\"http:\/\/oasisfm935.com\/site\/wp-content\/uploads\/2019\/02\/centro-rehabilitacion.jpg\"><img loading=\"lazy\" decoding=\"async\" class=\"alignnone size-full wp-image-726\" src=\"http:\/\/oasisfm935.com\/site\/wp-content\/uploads\/2019\/02\/centro-rehabilitacion.jpg\" alt=\"\" width=\"650\" height=\"365\" srcset=\"https:\/\/oasisfm935.com.ar\/site\/wp-content\/uploads\/2019\/02\/centro-rehabilitacion.jpg 650w, https:\/\/oasisfm935.com.ar\/site\/wp-content\/uploads\/2019\/02\/centro-rehabilitacion-300x168.jpg 300w\" sizes=\"auto, (max-width: 650px) 100vw, 650px\" \/><\/a><\/p>\n<p>Zanoli indic\u00f3 que la idea del Centro de Rehabilitaci\u00f3n Neurol\u00f3gica surgi\u00f3 como una necesidad, a partir de algunos pacientes que el municipio estaba llevando a atender a General Pico. \u201cHicimos un censo de los casos que demandaban este tipo de atenci\u00f3n en el norte provincial, le planteamos la necesidad al ministro de Salud y al gobernador Carlos Verna de construir un centro que nucleara a todo el norte de La Pampa y tuvimos una r\u00e1pida respuesta\u201d, cont\u00f3.<\/p>\n<p>El municipio puso manos a la obra y comenzaron los trabajos. \u201cSe adapt\u00f3 la pileta chica para que sea de rehabilitaci\u00f3n, se hizo un gimnasio, se est\u00e1n construyendo cuatro consultorios, una sala de espera, un \u00e1rea administrativa y esperemos que para el mes de abril o mayo podamos inaugurarlo\u201d, relat\u00f3 el jefe comunal.<\/p>\n<p>Y explic\u00f3 que este Centro va a dar trabajo a varios profesionales de la localidad y la regi\u00f3n. \u201cTodo esto lo va a cubrir el Gobierno de la Provincia a trav\u00e9s del Ministerio de Salud y es algo que nos pone muy contentos, porque el beneficio no solo es para la gente de Luiggi\u201d, agreg\u00f3 el intendente.<\/p>\n<p>La flamante construcci\u00f3n est\u00e1 emplazada en el Parque Centenario. \u201cEs una obra de m\u00e1s de 1.000 metros cuadrados y estamos m\u00e1s que agradecidos por el financiamiento recibido desde el Gobierno Provincial\u201d, concluy\u00f3 Zanoli.<\/p>\n<div class=\"oasis-despues-del-contenido\" id=\"oasis-934958147\"><img loading=\"lazy\" decoding=\"async\" src=\"https:\/\/oasisfm935.com.ar\/site\/wp-content\/uploads\/2020\/08\/47806202-8741-49f2-a5c9-d2f930e5baa1.jpg\" alt=\"\"  srcset=\"https:\/\/oasisfm935.com.ar\/site\/wp-content\/uploads\/2020\/08\/47806202-8741-49f2-a5c9-d2f930e5baa1.jpg 1080w, https:\/\/oasisfm935.com.ar\/site\/wp-content\/uploads\/2020\/08\/47806202-8741-49f2-a5c9-d2f930e5baa1-300x300.jpg 300w, https:\/\/oasisfm935.com.ar\/site\/wp-content\/uploads\/2020\/08\/47806202-8741-49f2-a5c9-d2f930e5baa1-1024x1024.jpg 1024w, https:\/\/oasisfm935.com.ar\/site\/wp-content\/uploads\/2020\/08\/47806202-8741-49f2-a5c9-d2f930e5baa1-150x150.jpg 150w, https:\/\/oasisfm935.com.ar\/site\/wp-content\/uploads\/2020\/08\/47806202-8741-49f2-a5c9-d2f930e5baa1-768x768.jpg 768w\" sizes=\"(max-width: 1080px) 100vw, 1080px\" class=\"no-lazyload\" width=\"1080\" height=\"1080\"  style=\"display: inline-block;\" \/><\/div>","protected":false},"excerpt":{"rendered":"<p>La obra tiene m\u00e1s de 1.000 metros cuadrados y cuenta con el financiamiento del Gobierno Provincial a trav\u00e9s\u00a0 de la Secretaria de<\/p>\n","protected":false},"author":4,"featured_media":725,"comment_status":"closed","ping_status":"open","sticky":false,"template":"","format":"standard","meta":{"colormag_page_layout":"default_layout","footnotes":""},"categories":[2],"tags":[],"class_list":["post-724","post","type-post","status-publish","format-standard","has-post-thumbnail","hentry","category-noticias"],"_links":{"self":[{"href":"https:\/\/oasisfm935.com.ar\/site\/wp-json\/wp\/v2\/posts\/724","targetHints":{"allow":["GET"]}}],"collection":[{"href":"https:\/\/oasisfm935.com.ar\/site\/wp-json\/wp\/v2\/posts"}],"about":[{"href":"https:\/\/oasisfm935.com.ar\/site\/wp-json\/wp\/v2\/types\/post"}],"author":[{"embeddable":true,"href":"https:\/\/oasisfm935.com.ar\/site\/wp-json\/wp\/v2\/users\/4"}],"replies":[{"embeddable":true,"href":"https:\/\/oasisfm935.com.ar\/site\/wp-json\/wp\/v2\/comments?post=724"}],"version-history":[{"count":1,"href":"https:\/\/oasisfm935.com.ar\/site\/wp-json\/wp\/v2\/posts\/724\/revisions"}],"predecessor-version":[{"id":727,"href":"https:\/\/oasisfm935.com.ar\/site\/wp-json\/wp\/v2\/posts\/724\/revisions\/727"}],"wp:featuredmedia":[{"embeddable":true,"href":"https:\/\/oasisfm935.com.ar\/site\/wp-json\/wp\/v2\/media\/725"}],"wp:attachment":[{"href":"https:\/\/oasisfm935.com.ar\/site\/wp-json\/wp\/v2\/media?parent=724"}],"wp:term":[{"taxonomy":"category","embeddable":true,"href":"https:\/\/oasisfm935.com.ar\/site\/wp-json\/wp\/v2\/categories?post=724"},{"taxonomy":"post_tag","embeddable":true,"href":"https:\/\/oasisfm935.com.ar\/site\/wp-json\/wp\/v2\/tags?post=724"}],"curies":[{"name":"wp","href":"https:\/\/api.w.org\/{rel}","templated":true}]}}