{"id":7243,"date":"2020-10-06T21:00:08","date_gmt":"2020-10-07T00:00:08","guid":{"rendered":"http:\/\/oasisfm935.com\/site\/?p=7243"},"modified":"2020-10-06T21:00:08","modified_gmt":"2020-10-07T00:00:08","slug":"la-pampa-coronavirus-este-martes-detectan-29-casos-positivos","status":"publish","type":"post","link":"https:\/\/oasisfm935.com.ar\/site\/la-pampa-coronavirus-este-martes-detectan-29-casos-positivos\/","title":{"rendered":"La Pampa Coronavirus: este martes detectan 29 casos positivos."},"content":{"rendered":"<div class=\"page-header\">\n<h2>Por la tarde se confirmaron 11 casos, cuatro en <strong style=\"font-size: 16px\">Santa Rosa<\/strong><span style=\"font-size: 16px\">, cinco en\u00a0<\/span><strong style=\"font-size: 16px\">General Pico<\/strong><span style=\"font-size: 16px\">, uno en\u00a0<\/span><strong style=\"font-size: 16px\">Quem\u00fa Quem\u00fa<\/strong><span style=\"font-size: 16px\">\u00a0y uno en\u00a0<\/span><strong style=\"font-size: 16px\">Toay,\u00a0<\/strong><span style=\"font-size: 16px\">que se sumaron a los 18 informados en el transcurso de la ma\u00f1ana.\u00a0<\/span><strong style=\"font-size: 16px\">La Pampa tiene ahora 226 casos activos y\u00a04.897 personas aisladas<\/strong><span style=\"font-size: 16px\">.<\/span><\/h2>\n<\/div>\n<div>\n<p>El Ministerio de Salud inform\u00f3 que por la tarde dieron positivo 11 testeos sobre 103 muestras analizadas en el Hospital Gobernador Centeno de General Pico y en el Lucio Molas de Santa Rosa.<\/p>\n<p>Por la ma\u00f1ana hab\u00edan dado positivo otros 18 casos sobre un total de 94 muestras: seis \u00a0corresponden a Winifreda, cinco a General Pico, cuatro a Santa Rosa y tres a Realic\u00f3.<\/p>\n<p>Desde el inicio de la pandemia, en La Pampa, se registraron un total de 866 casos positivos, de los cuales 226 permanecen activos, diez han fallecido y 630 se han recuperado.<\/p>\n<p>Los casos confirmados activos est\u00e1n distribuidos en: 47 en General Pico, \u00a045 en Santa Rosa, 28 en 25 de Mayo, 28 en Winifreda, 14 en Toay, 14 en Bernardo Larroud\u00e9, 14 en Realic\u00f3, 12 en Intendente Alvear, siete en General San Mart\u00edn, cinco en Bernasconi, tres en Embajador Martini, dos en Abramo, dos en Parera, dos en Lonquimay, dos en Macach\u00edn y uno en Quem\u00fa Quem\u00fa.<\/p>\n<p>Al d\u00eda de la fecha se encuentran aisladas un total de 4.897 personas en toda la Provincia.<\/p>\n<p>Veinte personas confirmadas se encuentran internadas en toda la provincia: diez en General Pico, tres de ellas en terapia intensiva y siete en cl\u00ednica m\u00e9dica.<\/p>\n<p>Las otras diez est\u00e1n alojadas en el Centro Emergente de Asistencia Respiratoria (CEAR) de Santa Rosa, de las cuales dos est\u00e1n en terapia intensiva y el resto en cl\u00ednica m\u00e9dica.<\/p>\n<\/div>\n<div class=\"oasis-despues-del-contenido\" id=\"oasis-1864953753\"><img loading=\"lazy\" decoding=\"async\" src=\"https:\/\/oasisfm935.com.ar\/site\/wp-content\/uploads\/2020\/08\/47806202-8741-49f2-a5c9-d2f930e5baa1.jpg\" alt=\"\"  srcset=\"https:\/\/oasisfm935.com.ar\/site\/wp-content\/uploads\/2020\/08\/47806202-8741-49f2-a5c9-d2f930e5baa1.jpg 1080w, https:\/\/oasisfm935.com.ar\/site\/wp-content\/uploads\/2020\/08\/47806202-8741-49f2-a5c9-d2f930e5baa1-300x300.jpg 300w, https:\/\/oasisfm935.com.ar\/site\/wp-content\/uploads\/2020\/08\/47806202-8741-49f2-a5c9-d2f930e5baa1-1024x1024.jpg 1024w, https:\/\/oasisfm935.com.ar\/site\/wp-content\/uploads\/2020\/08\/47806202-8741-49f2-a5c9-d2f930e5baa1-150x150.jpg 150w, https:\/\/oasisfm935.com.ar\/site\/wp-content\/uploads\/2020\/08\/47806202-8741-49f2-a5c9-d2f930e5baa1-768x768.jpg 768w\" sizes=\"(max-width: 1080px) 100vw, 1080px\" class=\"no-lazyload\" width=\"1080\" height=\"1080\"  style=\"display: inline-block;\" \/><\/div>","protected":false},"excerpt":{"rendered":"<p>Por la tarde se confirmaron 11 casos, cuatro en Santa Rosa, cinco en\u00a0General Pico, uno en\u00a0Quem\u00fa Quem\u00fa\u00a0y uno en\u00a0Toay,\u00a0que se sumaron a<\/p>\n","protected":false},"author":4,"featured_media":7244,"comment_status":"closed","ping_status":"open","sticky":false,"template":"","format":"standard","meta":{"colormag_page_layout":"default_layout","footnotes":""},"categories":[2],"tags":[],"class_list":["post-7243","post","type-post","status-publish","format-standard","has-post-thumbnail","hentry","category-noticias"],"_links":{"self":[{"href":"https:\/\/oasisfm935.com.ar\/site\/wp-json\/wp\/v2\/posts\/7243","targetHints":{"allow":["GET"]}}],"collection":[{"href":"https:\/\/oasisfm935.com.ar\/site\/wp-json\/wp\/v2\/posts"}],"about":[{"href":"https:\/\/oasisfm935.com.ar\/site\/wp-json\/wp\/v2\/types\/post"}],"author":[{"embeddable":true,"href":"https:\/\/oasisfm935.com.ar\/site\/wp-json\/wp\/v2\/users\/4"}],"replies":[{"embeddable":true,"href":"https:\/\/oasisfm935.com.ar\/site\/wp-json\/wp\/v2\/comments?post=7243"}],"version-history":[{"count":1,"href":"https:\/\/oasisfm935.com.ar\/site\/wp-json\/wp\/v2\/posts\/7243\/revisions"}],"predecessor-version":[{"id":7245,"href":"https:\/\/oasisfm935.com.ar\/site\/wp-json\/wp\/v2\/posts\/7243\/revisions\/7245"}],"wp:featuredmedia":[{"embeddable":true,"href":"https:\/\/oasisfm935.com.ar\/site\/wp-json\/wp\/v2\/media\/7244"}],"wp:attachment":[{"href":"https:\/\/oasisfm935.com.ar\/site\/wp-json\/wp\/v2\/media?parent=7243"}],"wp:term":[{"taxonomy":"category","embeddable":true,"href":"https:\/\/oasisfm935.com.ar\/site\/wp-json\/wp\/v2\/categories?post=7243"},{"taxonomy":"post_tag","embeddable":true,"href":"https:\/\/oasisfm935.com.ar\/site\/wp-json\/wp\/v2\/tags?post=7243"}],"curies":[{"name":"wp","href":"https:\/\/api.w.org\/{rel}","templated":true}]}}