{"id":7260,"date":"2020-10-07T12:44:53","date_gmt":"2020-10-07T15:44:53","guid":{"rendered":"http:\/\/oasisfm935.com\/site\/?p=7260"},"modified":"2020-10-07T12:44:53","modified_gmt":"2020-10-07T15:44:53","slug":"desde-el-viernes-pueden-abrir-los-salones-de-fiestas-infantiles-en-la-pampa","status":"publish","type":"post","link":"https:\/\/oasisfm935.com.ar\/site\/desde-el-viernes-pueden-abrir-los-salones-de-fiestas-infantiles-en-la-pampa\/","title":{"rendered":"Desde el viernes pueden abrir los salones de fiestas infantiles en La Pampa"},"content":{"rendered":"<p>El Gobierno provincial\u00a0<strong>autoriz\u00f3 la apertura de salones de fiestas infantiles y parques de diversiones desde este viernes 9\u00a0<\/strong>de octubre. La actividad se puede desarrollar<em>\u00a0de lunes a domingo entre las 7 y las 22 horas.<\/em><\/p>\n<p>En los\u00a0<strong>salones de fiesta\u00a0<\/strong>el n\u00famero m\u00e1ximo de personas permitidas es de\u00a0<strong>25 por turno<\/strong>.<\/p>\n<p>En tanto, en los parques de diversiones en espacios abiertos el m\u00e1ximo permitido es de 40 por turno.<\/p>\n<p><strong>En ambos casos el cupo m\u00e1ximo comprende al personal del local y asistentes al evento.<\/strong><\/p>\n<p>Seg\u00fan record\u00f3 el Gobierno, se exigir\u00e1 el cumplimiento de<strong>\u00a0protocolos\u00a0<\/strong>sanitarios epidemiol\u00f3gicos y la instrumentaci\u00f3n del\u00a0<strong>Sistema de Trazabilidad Ciudadana<\/strong>.<\/p>\n<p><strong>\u201cUna vez m\u00e1s, y como en cada oportunidad en que se habilita una actividad, se insta a todos los pampeanos a actuar con compromiso, solidaridad y responsabilidad social cumpliendo las formas, condiciones y modalidades recomendadas para preservar la salud y la vida de los pampeanos\u201d<\/strong>, sostuvo en un comunicado.<\/p>\n<p>El decreto 2.689\/20 establece que sean las Autoridades Municipales, las que dispongan procedimientos de fiscalizaci\u00f3n necesarios para garantizar las medidas sanitarias y epidemiol\u00f3gicas tendientes a evitar contagios de Covid-19.<\/p>\n<p>En este mismo sentido se determin\u00f3 que el\u00a0Ministerio de Salud y la Secretar\u00eda de Trabajo y Promoci\u00f3n del Empleo sean autoridad de aplicaci\u00f3n \u201ca los fines de controlar el cumplimiento de los protocolos sanitarios epidemiol\u00f3gicos\u201d.<\/p>\n<p>En virtud de las distintas caracter\u00edsticas o particularidades que se presenten en el desarrollo de estas actividades, la Autoridad Sanitaria Provincial est\u00e1 facultada a ampliar y\/o complementar los protocolos, inclusive respecto de los horarios establecidos para las actividades.<br \/>\nAsimismo las habilitaciones para salones de fiestas infantiles y parques de diversiones podr\u00e1n modificarse, limitarse, ser dejadas sin efecto o reanudarse en forma total o parcial por la Autoridad Provincial, tal como lo faculta del DNU 745\/20 en su art\u00edculo sexto.<\/p>\n<p>En\u00a0 los\u00a0<strong>salones de fiestas<\/strong>\u00a0se restringe el uso de las superficies cerradas hasta un m\u00e1ximo del 50 por ciento de su capacidad, con no m\u00e1s de una persona por cada 4 metros cuadrados y un m\u00e1ximo de 25 personas por turno comput\u00e1ndose en todos los casos personal\/staff y asistentes.<\/p>\n<p>En ning\u00fan caso podr\u00e1 superarse esa cantidad m\u00e1xima de asistentes. La capacidad m\u00e1xima se debe calcular en funci\u00f3n de los metros cuadrados accesibles para los asistentes, considerando las \u00e1reas de circulaci\u00f3n libre.<\/p>\n<p>En el caso de los\u00a0<strong>parques de diversiones en espacios abiertos<\/strong>\u00a0se aplica la misma metodolog\u00eda de c\u00e1lculo de uso de los espacios pero se ampl\u00eda la capacidad m\u00e1xima de personas a 40, entre el personal y los asistentes.<\/p>\n<p>En tanto, en los casos de los municipios de La Adela y Colonia 25 de Mayo se autoriz\u00f3 en los intendentes y los comit\u00e9 de crisis locales a restringir, acotar o limitar las excepciones para estas actividades en funci\u00f3n de las evaluaciones epidemiol\u00f3gicas que realicen.<\/p>\n<p>&nbsp;<\/p>\n<p>&nbsp;<\/p>\n<div class=\"oasis-despues-del-contenido\" id=\"oasis-4102761054\"><img loading=\"lazy\" decoding=\"async\" src=\"https:\/\/oasisfm935.com.ar\/site\/wp-content\/uploads\/2020\/08\/47806202-8741-49f2-a5c9-d2f930e5baa1.jpg\" alt=\"\"  srcset=\"https:\/\/oasisfm935.com.ar\/site\/wp-content\/uploads\/2020\/08\/47806202-8741-49f2-a5c9-d2f930e5baa1.jpg 1080w, https:\/\/oasisfm935.com.ar\/site\/wp-content\/uploads\/2020\/08\/47806202-8741-49f2-a5c9-d2f930e5baa1-300x300.jpg 300w, https:\/\/oasisfm935.com.ar\/site\/wp-content\/uploads\/2020\/08\/47806202-8741-49f2-a5c9-d2f930e5baa1-1024x1024.jpg 1024w, https:\/\/oasisfm935.com.ar\/site\/wp-content\/uploads\/2020\/08\/47806202-8741-49f2-a5c9-d2f930e5baa1-150x150.jpg 150w, https:\/\/oasisfm935.com.ar\/site\/wp-content\/uploads\/2020\/08\/47806202-8741-49f2-a5c9-d2f930e5baa1-768x768.jpg 768w\" sizes=\"(max-width: 1080px) 100vw, 1080px\" class=\"no-lazyload\" width=\"1080\" height=\"1080\"  style=\"display: inline-block;\" \/><\/div>","protected":false},"excerpt":{"rendered":"<p>El Gobierno provincial\u00a0autoriz\u00f3 la apertura de salones de fiestas infantiles y parques de diversiones desde este viernes 9\u00a0de octubre. La actividad se<\/p>\n","protected":false},"author":4,"featured_media":7261,"comment_status":"closed","ping_status":"open","sticky":false,"template":"","format":"standard","meta":{"colormag_page_layout":"default_layout","footnotes":""},"categories":[2],"tags":[],"class_list":["post-7260","post","type-post","status-publish","format-standard","has-post-thumbnail","hentry","category-noticias"],"_links":{"self":[{"href":"https:\/\/oasisfm935.com.ar\/site\/wp-json\/wp\/v2\/posts\/7260","targetHints":{"allow":["GET"]}}],"collection":[{"href":"https:\/\/oasisfm935.com.ar\/site\/wp-json\/wp\/v2\/posts"}],"about":[{"href":"https:\/\/oasisfm935.com.ar\/site\/wp-json\/wp\/v2\/types\/post"}],"author":[{"embeddable":true,"href":"https:\/\/oasisfm935.com.ar\/site\/wp-json\/wp\/v2\/users\/4"}],"replies":[{"embeddable":true,"href":"https:\/\/oasisfm935.com.ar\/site\/wp-json\/wp\/v2\/comments?post=7260"}],"version-history":[{"count":1,"href":"https:\/\/oasisfm935.com.ar\/site\/wp-json\/wp\/v2\/posts\/7260\/revisions"}],"predecessor-version":[{"id":7262,"href":"https:\/\/oasisfm935.com.ar\/site\/wp-json\/wp\/v2\/posts\/7260\/revisions\/7262"}],"wp:featuredmedia":[{"embeddable":true,"href":"https:\/\/oasisfm935.com.ar\/site\/wp-json\/wp\/v2\/media\/7261"}],"wp:attachment":[{"href":"https:\/\/oasisfm935.com.ar\/site\/wp-json\/wp\/v2\/media?parent=7260"}],"wp:term":[{"taxonomy":"category","embeddable":true,"href":"https:\/\/oasisfm935.com.ar\/site\/wp-json\/wp\/v2\/categories?post=7260"},{"taxonomy":"post_tag","embeddable":true,"href":"https:\/\/oasisfm935.com.ar\/site\/wp-json\/wp\/v2\/tags?post=7260"}],"curies":[{"name":"wp","href":"https:\/\/api.w.org\/{rel}","templated":true}]}}