{"id":7265,"date":"2020-10-07T18:56:54","date_gmt":"2020-10-07T21:56:54","guid":{"rendered":"http:\/\/oasisfm935.com\/site\/?p=7265"},"modified":"2020-10-07T18:56:54","modified_gmt":"2020-10-07T21:56:54","slug":"la-pampa-coronavirus-23-positivos-sobre-116-muestras-analizadas","status":"publish","type":"post","link":"https:\/\/oasisfm935.com.ar\/site\/la-pampa-coronavirus-23-positivos-sobre-116-muestras-analizadas\/","title":{"rendered":"La Pampa Coronavirus: 23 positivos sobre 116 muestras analizadas."},"content":{"rendered":"<p>Siete casos son de 25 de Mayo, 6 de General Pico, cuatro de Santa Rosa, uno de Realic\u00f3 y uno de Winifreda.<\/p>\n<p>El Ministerio de Salud de La Pampa inform\u00f3 que dieron positivo 23 muestras de 116 analizadas este mi\u00e9rcoles en el Hospital Gobernador Centeno de General Pico, el Lucio Molas de Santa Rosa y la Direcci\u00f3n de Epidemiolog\u00eda.}Molas, de las cuales 23 resultaron positivas para COVID-19.<\/p>\n<p>De los 23 positivos informados en el d\u00eda de hoy, 19 se encontraban en aislamiento por ser considerados contactos estrechos y cuatro casos se encuentran en investigaci\u00f3n epidemiol\u00f3gica. Todas las personas est\u00e1n aisladas.<\/p>\n<div class=\"oasis-despues-del-contenido\" id=\"oasis-1007895256\"><img loading=\"lazy\" decoding=\"async\" src=\"https:\/\/oasisfm935.com.ar\/site\/wp-content\/uploads\/2020\/08\/47806202-8741-49f2-a5c9-d2f930e5baa1.jpg\" alt=\"\"  srcset=\"https:\/\/oasisfm935.com.ar\/site\/wp-content\/uploads\/2020\/08\/47806202-8741-49f2-a5c9-d2f930e5baa1.jpg 1080w, https:\/\/oasisfm935.com.ar\/site\/wp-content\/uploads\/2020\/08\/47806202-8741-49f2-a5c9-d2f930e5baa1-300x300.jpg 300w, https:\/\/oasisfm935.com.ar\/site\/wp-content\/uploads\/2020\/08\/47806202-8741-49f2-a5c9-d2f930e5baa1-1024x1024.jpg 1024w, https:\/\/oasisfm935.com.ar\/site\/wp-content\/uploads\/2020\/08\/47806202-8741-49f2-a5c9-d2f930e5baa1-150x150.jpg 150w, https:\/\/oasisfm935.com.ar\/site\/wp-content\/uploads\/2020\/08\/47806202-8741-49f2-a5c9-d2f930e5baa1-768x768.jpg 768w\" sizes=\"(max-width: 1080px) 100vw, 1080px\" class=\"no-lazyload\" width=\"1080\" height=\"1080\"  style=\"display: inline-block;\" \/><\/div>","protected":false},"excerpt":{"rendered":"<p>Siete casos son de 25 de Mayo, 6 de General Pico, cuatro de Santa Rosa, uno de Realic\u00f3 y uno de Winifreda.<\/p>\n","protected":false},"author":4,"featured_media":7266,"comment_status":"closed","ping_status":"open","sticky":false,"template":"","format":"standard","meta":{"colormag_page_layout":"default_layout","footnotes":""},"categories":[2],"tags":[],"class_list":["post-7265","post","type-post","status-publish","format-standard","has-post-thumbnail","hentry","category-noticias"],"_links":{"self":[{"href":"https:\/\/oasisfm935.com.ar\/site\/wp-json\/wp\/v2\/posts\/7265","targetHints":{"allow":["GET"]}}],"collection":[{"href":"https:\/\/oasisfm935.com.ar\/site\/wp-json\/wp\/v2\/posts"}],"about":[{"href":"https:\/\/oasisfm935.com.ar\/site\/wp-json\/wp\/v2\/types\/post"}],"author":[{"embeddable":true,"href":"https:\/\/oasisfm935.com.ar\/site\/wp-json\/wp\/v2\/users\/4"}],"replies":[{"embeddable":true,"href":"https:\/\/oasisfm935.com.ar\/site\/wp-json\/wp\/v2\/comments?post=7265"}],"version-history":[{"count":1,"href":"https:\/\/oasisfm935.com.ar\/site\/wp-json\/wp\/v2\/posts\/7265\/revisions"}],"predecessor-version":[{"id":7267,"href":"https:\/\/oasisfm935.com.ar\/site\/wp-json\/wp\/v2\/posts\/7265\/revisions\/7267"}],"wp:featuredmedia":[{"embeddable":true,"href":"https:\/\/oasisfm935.com.ar\/site\/wp-json\/wp\/v2\/media\/7266"}],"wp:attachment":[{"href":"https:\/\/oasisfm935.com.ar\/site\/wp-json\/wp\/v2\/media?parent=7265"}],"wp:term":[{"taxonomy":"category","embeddable":true,"href":"https:\/\/oasisfm935.com.ar\/site\/wp-json\/wp\/v2\/categories?post=7265"},{"taxonomy":"post_tag","embeddable":true,"href":"https:\/\/oasisfm935.com.ar\/site\/wp-json\/wp\/v2\/tags?post=7265"}],"curies":[{"name":"wp","href":"https:\/\/api.w.org\/{rel}","templated":true}]}}