{"id":7275,"date":"2020-10-08T20:43:51","date_gmt":"2020-10-08T23:43:51","guid":{"rendered":"http:\/\/oasisfm935.com\/site\/?p=7275"},"modified":"2020-10-08T21:03:58","modified_gmt":"2020-10-09T00:03:58","slug":"coronavirus-la-pampa-se-detectaron-36-nuevos-casos-1-de-ellos-en-ingeniero-luiggi","status":"publish","type":"post","link":"https:\/\/oasisfm935.com.ar\/site\/coronavirus-la-pampa-se-detectaron-36-nuevos-casos-1-de-ellos-en-ingeniero-luiggi\/","title":{"rendered":"Coronavirus La Pampa: Se detectaron 36 nuevos casos, 1 de ellos en Ingeniero Luiggi."},"content":{"rendered":"<div class=\"nota-detalle-cuerpo\">\u00a0De ellas 26 son contactos estrechos y 10 casos contin\u00faan en investigaci\u00f3n. Hay 5.013 personas aisladas en la Provincia.<\/div>\n<div><\/div>\n<div>El Gobierno de La Pampa, a trav\u00e9s del Ministerio de Salud, comunic\u00f3 que en horas de la tarde del d\u00eda 8 de octubre, se finaliz\u00f3 con el procesamiento de 157 muestras en los laboratorios de la Direcci\u00f3n de Epidemiolog\u00eda y Gobernador Centeno y Lucio Molas, de las cuales 36 resultaron positivas para COVID-19.<\/div>\n<div><\/div>\n<div>De ellas 16 corresponden a personas residentes en la ciudad de Santa Rosa, 8 en General Pico, 6 en Winifreda, 2 en Realic\u00f3, 1 en Colonia Bar\u00f3n, 1 en Ingeniero Luiggi, 1 en Toay y 1 en Quem\u00fa Quem\u00f9.\u00a0 De los 36 positivos informados en el d\u00eda de hoy, 26 se encontraban en aislamiento por ser considerados contactos estrechos y 10 casos se encuentran en investigaci\u00f3n epidemiol\u00f3gica.<\/div>\n<div><strong>Todas las personas se encuentran aisladas.<\/strong><\/div>\n<div><\/div>\n<div><strong>Aclaraci\u00f3n sobre la carga de casos confirmados en el Reporte Nacional:<\/strong><\/div>\n<div><\/div>\n<div>Es importante aclarar que existe una diferencia de casos confirmados entre el Reporte Provincial y el Nacional ya que se asisten y notifican pacientes que viven en otras provincias que tienen domicilio legal (el que figura en el DNI) en la Provincia de La Pampa.<\/div>\n<div><strong>Situaci\u00f3n provincial:<\/strong><\/div>\n<div>Desde el inicio de la pandemia, en La Pampa, se registraron un total de 925 casos positivos para COVID-19, de los cuales 252 permanecen activos, 10 han fallecido y 663 se han recuperado, entre estos \u00faltimos se encuentran 1 persona de Bernardo Larroud\u00e9, 1 de Toay, 2 de Abramo, 2 de Parera, 2 de 25 de Mayo, 6 de General Pico, 1 de Intendente Alvear, 1 de Santa Rosa y 2 de Realic\u00f3.<\/div>\n<div><\/div>\n<div>\u00a0Los casos confirmados activos est\u00e1n distribuidos de la siguiente manera: 64 en la ciudad de Santa Rosa, 53 en General Pico, 33 en 25 de Mayo, 17 en Toay, 8 en Intendente Alvear, 12 en Bernardo Larroud\u00e9, 35 en Winifreda, 13 en Realic\u00f3, 4 en Bernasconi, 2 en General San Mart\u00edn, 2 en Lonquimay, 3 en Embajador Martini, 2 en Macach\u00edn, 2 en Quem\u00fa Quem\u00fa, 1 en Ingeniero Luiggi y 1 Colonia Bar\u00f3n.<\/div>\n<div><\/div>\n<div>Al d\u00eda de la fecha se encuentran aisladas un total de 5.013 personas en toda la provincia.<\/div>\n<div><\/div>\n<div>Se encuentran internadas 22 personas confirmadas para COVID-19. En General Pico 9 personas, de ellas 4 en sala de terapia intensiva y 5 en modulares. En el Centro Emergente de Asistencia Respiratoria (CEAR) de Santa Rosa, se encuentran internadas 13 personas, de ellas 11 en cl\u00ednica m\u00e9dica y 2 en terapia intensiva.<\/div>\n<div class=\"oasis-despues-del-contenido\" id=\"oasis-2454391092\"><img loading=\"lazy\" decoding=\"async\" src=\"https:\/\/oasisfm935.com.ar\/site\/wp-content\/uploads\/2020\/08\/47806202-8741-49f2-a5c9-d2f930e5baa1.jpg\" alt=\"\"  srcset=\"https:\/\/oasisfm935.com.ar\/site\/wp-content\/uploads\/2020\/08\/47806202-8741-49f2-a5c9-d2f930e5baa1.jpg 1080w, https:\/\/oasisfm935.com.ar\/site\/wp-content\/uploads\/2020\/08\/47806202-8741-49f2-a5c9-d2f930e5baa1-300x300.jpg 300w, https:\/\/oasisfm935.com.ar\/site\/wp-content\/uploads\/2020\/08\/47806202-8741-49f2-a5c9-d2f930e5baa1-1024x1024.jpg 1024w, https:\/\/oasisfm935.com.ar\/site\/wp-content\/uploads\/2020\/08\/47806202-8741-49f2-a5c9-d2f930e5baa1-150x150.jpg 150w, https:\/\/oasisfm935.com.ar\/site\/wp-content\/uploads\/2020\/08\/47806202-8741-49f2-a5c9-d2f930e5baa1-768x768.jpg 768w\" sizes=\"(max-width: 1080px) 100vw, 1080px\" class=\"no-lazyload\" width=\"1080\" height=\"1080\"  style=\"display: inline-block;\" \/><\/div>","protected":false},"excerpt":{"rendered":"<p>\u00a0De ellas 26 son contactos estrechos y 10 casos contin\u00faan en investigaci\u00f3n. Hay 5.013 personas aisladas en la Provincia. El Gobierno de<\/p>\n","protected":false},"author":4,"featured_media":7276,"comment_status":"closed","ping_status":"open","sticky":false,"template":"","format":"standard","meta":{"colormag_page_layout":"default_layout","footnotes":""},"categories":[2],"tags":[],"class_list":["post-7275","post","type-post","status-publish","format-standard","has-post-thumbnail","hentry","category-noticias"],"_links":{"self":[{"href":"https:\/\/oasisfm935.com.ar\/site\/wp-json\/wp\/v2\/posts\/7275","targetHints":{"allow":["GET"]}}],"collection":[{"href":"https:\/\/oasisfm935.com.ar\/site\/wp-json\/wp\/v2\/posts"}],"about":[{"href":"https:\/\/oasisfm935.com.ar\/site\/wp-json\/wp\/v2\/types\/post"}],"author":[{"embeddable":true,"href":"https:\/\/oasisfm935.com.ar\/site\/wp-json\/wp\/v2\/users\/4"}],"replies":[{"embeddable":true,"href":"https:\/\/oasisfm935.com.ar\/site\/wp-json\/wp\/v2\/comments?post=7275"}],"version-history":[{"count":4,"href":"https:\/\/oasisfm935.com.ar\/site\/wp-json\/wp\/v2\/posts\/7275\/revisions"}],"predecessor-version":[{"id":7278,"href":"https:\/\/oasisfm935.com.ar\/site\/wp-json\/wp\/v2\/posts\/7275\/revisions\/7278"}],"wp:featuredmedia":[{"embeddable":true,"href":"https:\/\/oasisfm935.com.ar\/site\/wp-json\/wp\/v2\/media\/7276"}],"wp:attachment":[{"href":"https:\/\/oasisfm935.com.ar\/site\/wp-json\/wp\/v2\/media?parent=7275"}],"wp:term":[{"taxonomy":"category","embeddable":true,"href":"https:\/\/oasisfm935.com.ar\/site\/wp-json\/wp\/v2\/categories?post=7275"},{"taxonomy":"post_tag","embeddable":true,"href":"https:\/\/oasisfm935.com.ar\/site\/wp-json\/wp\/v2\/tags?post=7275"}],"curies":[{"name":"wp","href":"https:\/\/api.w.org\/{rel}","templated":true}]}}