{"id":7281,"date":"2020-10-08T23:52:11","date_gmt":"2020-10-09T02:52:11","guid":{"rendered":"http:\/\/oasisfm935.com\/site\/?p=7281"},"modified":"2020-10-08T23:52:11","modified_gmt":"2020-10-09T02:52:11","slug":"ing-luiggi-dieron-detalles-ante-el-test-positivo-y-anunciaron-el-cierre-preventivo-de-la-municipalidad","status":"publish","type":"post","link":"https:\/\/oasisfm935.com.ar\/site\/ing-luiggi-dieron-detalles-ante-el-test-positivo-y-anunciaron-el-cierre-preventivo-de-la-municipalidad\/","title":{"rendered":"Ing. Luiggi: Dieron detalles ante el test positivo y anunciaron el cierre preventivo de la municipalidad"},"content":{"rendered":"<p>Tras el caso positivo en Luiggi el COE local brind\u00f3 una conferencia de prensa.<\/p>\n<p>La doctora Silvia Krede, directora del Hospital Justo G Ferrari, confirm\u00f3 el primer caso positivo de Ingeniero Luiggi, tras realizarse el correspondiente hisopado el d\u00eda de ayer. \u00ab<strong>Se trata de una joven de 24 a\u00f1os<\/strong>. Hoy en horas de la tarde, las autoridades de Epidemiolog\u00eda de Santa Rosa nos comunicaron el\u00a0 resultado positivo de este caso\u201d.<\/p>\n<p>\u201cQueremos llevar tranquilidad a toda la poblaci\u00f3n, diciendo que se est\u00e1 trabajando en lo que son contactos estrechos, contactos de contactos, para tratar de controlar el foco\u201d comenz\u00f3 diciendo la doctora.<\/p>\n<p>\u201cEn total en este caso, son 25 casos de contactos estrechos de acuerdo a la informaci\u00f3n brindada por la paciente, y de esos contactos estrechos \u00a0se desprenden los contactos de contactos.\u00a0<strong>Se est\u00e1 trabajando en esos contactos de contacto para proceder el aislamiento de esas personas<\/strong>.\u201d inform\u00f3 Silvia Krede.<\/p>\n<p>\u201cEs importante que colaboren todos, no estigmaticemos, no tener actitudes negativas para esta persona. Con respecto a la paciente, el Ministerio de Salud, recomend\u00f3 que la paciente debe estar alojada en la ciudad de General Pico procedi\u00e9ndose al traslado en el d\u00eda de ma\u00f1ana viernes. Es un caso con patolog\u00eda leve por el momento. La normativa, habla de que el traslado se hace por si la paciente presentara complicaciones, est\u00e9 atendida en un centro de mayor complejidad como es el Centeno\u201d dijo la referente de salud.<\/p>\n<p>\u201cEs vital no minimizar los s\u00edntomas en todas las personas y m\u00e1s aun los que han estado en contacto. Me refiero a las personas que tengan dolor de cabeza, fiebre, \u00a0decaimiento general, dolor de garganta, tos, dificultad para respirar, diarrea v\u00f3mitos. No sabemos si a partir de ma\u00f1ana tendremos otros casos, pero estamos trabajando en los contactos de contactos\u201d sostuvo Krede.<\/p>\n<figure class=\"wp-block-image size-large\"><img loading=\"lazy\" decoding=\"async\" class=\"wp-image-51082 lazy-loaded\" src=\"https:\/\/zonalnoticias.com\/wp-content\/uploads\/2020\/10\/doctora-krede.jpg\" alt=\"\" width=\"426\" height=\"224\" data-lazy-type=\"image\" data-src=\"https:\/\/zonalnoticias.com\/wp-content\/uploads\/2020\/10\/doctora-krede.jpg\" data-srcset=\"\" \/><\/figure>\n<p><strong><u>Atenci\u00f3n en el hospital<\/u><\/strong><\/p>\n<p>\u201cHoy a la tarde, se suspendieron los consultorios para poder trabajar con todo el personal del hospital para realizar los llamados identificando y advirtiendo los contactos de contactos. Pero desde ma\u00f1ana vamos a seguir brindando todos los servicios, porque la vida sigue. Pedimos solidaridad y compromiso en esto que hoy nos toca a nosotros \u201cexplic\u00f3 la m\u00e9dica.<\/p>\n<p>Por su parte, el Jefe de Enfermer\u00eda, Javier Moyano dijo que \u201cantes de ir al hospital llamen para as\u00ed asistirlos en el momento y horario para ser atendidos ante cualquier consulta. Y que antes de autoaislarse, que llamen al hospital al 02335-472124 o al 107 para indicarle si debe o no aislarse\u201d.<\/p>\n<p><strong><u>Cierre del municipio<\/u><\/strong><\/p>\n<p>Al respecto, la intendenta Patricia Lav\u00edn manifest\u00f3 que \u201c<strong>hemos tomado la decisi\u00f3n de cerrar el municipio a modo preventivo por haber contactos.<\/strong>\u00a0Permanecer\u00e1n cerradas la Secretar\u00eda de Desarrollo Social, Medio Ambiente y el \u00e1mbito administrativo, como as\u00ed tambi\u00e9n el SUM municipal donde hab\u00edamos restablecido las actividades deportivas. Si vamos a seguir brindando los servicios b\u00e1sicos como recolecci\u00f3n de residuos y el d\u00eda lunes estaremos informando como seguimos trabajando desde la municipalidad\u201d.<\/p>\n<p>\u201cQuiero decirles a la comunidad que hemos trabajado para estar preparados para actuar ante la presencia de casos por estar bajo influencia de una pandemia. Tenemos todos los organismos para funcionar ante casos positivos seg\u00fan lineamientos establecidos con el Gobierno provincial como as\u00ed tambi\u00e9n replicadas en las instituciones. Es vital tener el autocuidado en cada uno y ser solidarios\u201d concluy\u00f3 Lavin.<\/p>\n<p>Zonal noticias<\/p>\n<div class=\"oasis-despues-del-contenido\" id=\"oasis-2960938897\"><img loading=\"lazy\" decoding=\"async\" src=\"https:\/\/oasisfm935.com.ar\/site\/wp-content\/uploads\/2020\/08\/47806202-8741-49f2-a5c9-d2f930e5baa1.jpg\" alt=\"\"  srcset=\"https:\/\/oasisfm935.com.ar\/site\/wp-content\/uploads\/2020\/08\/47806202-8741-49f2-a5c9-d2f930e5baa1.jpg 1080w, https:\/\/oasisfm935.com.ar\/site\/wp-content\/uploads\/2020\/08\/47806202-8741-49f2-a5c9-d2f930e5baa1-300x300.jpg 300w, https:\/\/oasisfm935.com.ar\/site\/wp-content\/uploads\/2020\/08\/47806202-8741-49f2-a5c9-d2f930e5baa1-1024x1024.jpg 1024w, https:\/\/oasisfm935.com.ar\/site\/wp-content\/uploads\/2020\/08\/47806202-8741-49f2-a5c9-d2f930e5baa1-150x150.jpg 150w, https:\/\/oasisfm935.com.ar\/site\/wp-content\/uploads\/2020\/08\/47806202-8741-49f2-a5c9-d2f930e5baa1-768x768.jpg 768w\" sizes=\"(max-width: 1080px) 100vw, 1080px\" class=\"no-lazyload\" width=\"1080\" height=\"1080\"  style=\"display: inline-block;\" \/><\/div>","protected":false},"excerpt":{"rendered":"<p>Tras el caso positivo en Luiggi el COE local brind\u00f3 una conferencia de prensa. La doctora Silvia Krede, directora del Hospital Justo<\/p>\n","protected":false},"author":4,"featured_media":7282,"comment_status":"closed","ping_status":"open","sticky":false,"template":"","format":"standard","meta":{"colormag_page_layout":"default_layout","footnotes":""},"categories":[2],"tags":[],"class_list":["post-7281","post","type-post","status-publish","format-standard","has-post-thumbnail","hentry","category-noticias"],"_links":{"self":[{"href":"https:\/\/oasisfm935.com.ar\/site\/wp-json\/wp\/v2\/posts\/7281","targetHints":{"allow":["GET"]}}],"collection":[{"href":"https:\/\/oasisfm935.com.ar\/site\/wp-json\/wp\/v2\/posts"}],"about":[{"href":"https:\/\/oasisfm935.com.ar\/site\/wp-json\/wp\/v2\/types\/post"}],"author":[{"embeddable":true,"href":"https:\/\/oasisfm935.com.ar\/site\/wp-json\/wp\/v2\/users\/4"}],"replies":[{"embeddable":true,"href":"https:\/\/oasisfm935.com.ar\/site\/wp-json\/wp\/v2\/comments?post=7281"}],"version-history":[{"count":1,"href":"https:\/\/oasisfm935.com.ar\/site\/wp-json\/wp\/v2\/posts\/7281\/revisions"}],"predecessor-version":[{"id":7283,"href":"https:\/\/oasisfm935.com.ar\/site\/wp-json\/wp\/v2\/posts\/7281\/revisions\/7283"}],"wp:featuredmedia":[{"embeddable":true,"href":"https:\/\/oasisfm935.com.ar\/site\/wp-json\/wp\/v2\/media\/7282"}],"wp:attachment":[{"href":"https:\/\/oasisfm935.com.ar\/site\/wp-json\/wp\/v2\/media?parent=7281"}],"wp:term":[{"taxonomy":"category","embeddable":true,"href":"https:\/\/oasisfm935.com.ar\/site\/wp-json\/wp\/v2\/categories?post=7281"},{"taxonomy":"post_tag","embeddable":true,"href":"https:\/\/oasisfm935.com.ar\/site\/wp-json\/wp\/v2\/tags?post=7281"}],"curies":[{"name":"wp","href":"https:\/\/api.w.org\/{rel}","templated":true}]}}