{"id":729,"date":"2019-02-09T12:01:21","date_gmt":"2019-02-09T15:01:21","guid":{"rendered":"http:\/\/oasisfm935.com\/site\/?p=729"},"modified":"2019-02-09T12:01:21","modified_gmt":"2019-02-09T15:01:21","slug":"utelpa-advirtio-que-la-crisis-impacta-fuerte-en-docentes","status":"publish","type":"post","link":"https:\/\/oasisfm935.com.ar\/site\/utelpa-advirtio-que-la-crisis-impacta-fuerte-en-docentes\/","title":{"rendered":"Utelpa advirti\u00f3 que la crisis impacta \u201cfuerte\u201d en docentes"},"content":{"rendered":"<p><strong>\u00abLA ESCUELA PUBLICA GRITA BASTA DE AJUSTE\u00bb<\/strong><\/p>\n<p>La Uni\u00f3n de Trabajadores de la Educaci\u00f3n de La Pampa (Utelpa) asegur\u00f3 que \u201cla situaci\u00f3n de la educaci\u00f3n p\u00fablica se ha deteriorado dr\u00e1sticamente, no s\u00f3lo el salario sino las condiciones de trabajo y todo el andamiaje de pol\u00edticas socio econ\u00f3micas que permitieron a nuestros alumnos concurrir a la escuela, y desde all\u00ed sostener el proceso educativo\u201d. Los docentes reclamaron por la paritaria nacional y la ley de financiamiento educativo que quit\u00f3 el presidente Mauricio Macri.<br \/>\nSobre el impacto de las medidas de ajuste del gobierno nacional en La Pampa, el gremio destac\u00f3: \u201cVenimos desde el 2016 advirtiendo y reclamando la p\u00e9rdida de puestos de trabajo, horas c\u00e1tedras, reducci\u00f3n de los programas socioeducativos, cierre de escuelas, demandas en la formaci\u00f3n docente, condiciones de infraestructura, salario docente\u201d.<\/p>\n<p>&nbsp;<\/p>\n<p>Peor.<br \/>\nPlantearon un panorama \u201ca\u00fan peor\u201d para 2019 ya que \u201cse estima una alza de precios de entre 31 y 33 por ciento, y 33.041 familias perder\u00e1n la tarifa social de la electricidad en la provincia, Santa Rosa, conglomerado con mayor concentraci\u00f3n de poblaci\u00f3n, se ubica primera en el pa\u00eds, con la tasa de desocupaci\u00f3n m\u00e1s alta\u201d.<br \/>\n\u201cEl recorte nacional impactar\u00e1 directamente en la partida para alimentos frescos para Escuelas Hogares, los Planes de Mejoras que fortalec\u00edan, a trav\u00e9s de Proyectos Institucionales, las Trayectorias escolares de los alumnos quedan sin financiamiento, los edificios abandonados por Naci\u00f3n para los Jardines de infantes en varias localidades est\u00e1n y seguir\u00e1n paralizados\u201d, se agreg\u00f3.<br \/>\n\u201cEl aumento de los combustibles impacta directamente sobre el salario docente y la canasta b\u00e1sica, la quita de subsidios al transporte, entre otros rubros que siguen aumentando y profundizando la emergencia\u201d.<br \/>\nFinalmente, la Utelpa coment\u00f3 que \u201clas escuelas son la caja de resonancia de la crisis social y econ\u00f3mica en la que nos encontramos los argentinos. Las familias encuentran en la escuela p\u00fablica el lugar donde depositar lo m\u00e1s valiosos que tienen, que son sus hijos. La escuela no solo ense\u00f1a, tambi\u00e9n alimenta, cuida y protege y ante un Estado ausente, estas demandas se multiplican\u201d.<\/p>\n<div class=\"oasis-despues-del-contenido\" id=\"oasis-1330228352\"><img loading=\"lazy\" decoding=\"async\" src=\"https:\/\/oasisfm935.com.ar\/site\/wp-content\/uploads\/2020\/08\/47806202-8741-49f2-a5c9-d2f930e5baa1.jpg\" alt=\"\"  srcset=\"https:\/\/oasisfm935.com.ar\/site\/wp-content\/uploads\/2020\/08\/47806202-8741-49f2-a5c9-d2f930e5baa1.jpg 1080w, https:\/\/oasisfm935.com.ar\/site\/wp-content\/uploads\/2020\/08\/47806202-8741-49f2-a5c9-d2f930e5baa1-300x300.jpg 300w, https:\/\/oasisfm935.com.ar\/site\/wp-content\/uploads\/2020\/08\/47806202-8741-49f2-a5c9-d2f930e5baa1-1024x1024.jpg 1024w, https:\/\/oasisfm935.com.ar\/site\/wp-content\/uploads\/2020\/08\/47806202-8741-49f2-a5c9-d2f930e5baa1-150x150.jpg 150w, https:\/\/oasisfm935.com.ar\/site\/wp-content\/uploads\/2020\/08\/47806202-8741-49f2-a5c9-d2f930e5baa1-768x768.jpg 768w\" sizes=\"(max-width: 1080px) 100vw, 1080px\" class=\"no-lazyload\" width=\"1080\" height=\"1080\"  style=\"display: inline-block;\" \/><\/div>","protected":false},"excerpt":{"rendered":"<p>\u00abLA ESCUELA PUBLICA GRITA BASTA DE AJUSTE\u00bb La Uni\u00f3n de Trabajadores de la Educaci\u00f3n de La Pampa (Utelpa) asegur\u00f3 que \u201cla situaci\u00f3n<\/p>\n","protected":false},"author":4,"featured_media":730,"comment_status":"closed","ping_status":"open","sticky":false,"template":"","format":"standard","meta":{"colormag_page_layout":"default_layout","footnotes":""},"categories":[2],"tags":[],"class_list":["post-729","post","type-post","status-publish","format-standard","has-post-thumbnail","hentry","category-noticias"],"_links":{"self":[{"href":"https:\/\/oasisfm935.com.ar\/site\/wp-json\/wp\/v2\/posts\/729","targetHints":{"allow":["GET"]}}],"collection":[{"href":"https:\/\/oasisfm935.com.ar\/site\/wp-json\/wp\/v2\/posts"}],"about":[{"href":"https:\/\/oasisfm935.com.ar\/site\/wp-json\/wp\/v2\/types\/post"}],"author":[{"embeddable":true,"href":"https:\/\/oasisfm935.com.ar\/site\/wp-json\/wp\/v2\/users\/4"}],"replies":[{"embeddable":true,"href":"https:\/\/oasisfm935.com.ar\/site\/wp-json\/wp\/v2\/comments?post=729"}],"version-history":[{"count":1,"href":"https:\/\/oasisfm935.com.ar\/site\/wp-json\/wp\/v2\/posts\/729\/revisions"}],"predecessor-version":[{"id":731,"href":"https:\/\/oasisfm935.com.ar\/site\/wp-json\/wp\/v2\/posts\/729\/revisions\/731"}],"wp:featuredmedia":[{"embeddable":true,"href":"https:\/\/oasisfm935.com.ar\/site\/wp-json\/wp\/v2\/media\/730"}],"wp:attachment":[{"href":"https:\/\/oasisfm935.com.ar\/site\/wp-json\/wp\/v2\/media?parent=729"}],"wp:term":[{"taxonomy":"category","embeddable":true,"href":"https:\/\/oasisfm935.com.ar\/site\/wp-json\/wp\/v2\/categories?post=729"},{"taxonomy":"post_tag","embeddable":true,"href":"https:\/\/oasisfm935.com.ar\/site\/wp-json\/wp\/v2\/tags?post=729"}],"curies":[{"name":"wp","href":"https:\/\/api.w.org\/{rel}","templated":true}]}}