{"id":7298,"date":"2020-10-09T14:31:59","date_gmt":"2020-10-09T17:31:59","guid":{"rendered":"http:\/\/oasisfm935.com\/site\/?p=7298"},"modified":"2020-10-09T14:31:59","modified_gmt":"2020-10-09T17:31:59","slug":"covid-19-la-pampa-de-83-muestras-13-contactos-estrechos-resultaron-positivos-y-ya-son-4-879-los-aislados","status":"publish","type":"post","link":"https:\/\/oasisfm935.com.ar\/site\/covid-19-la-pampa-de-83-muestras-13-contactos-estrechos-resultaron-positivos-y-ya-son-4-879-los-aislados\/","title":{"rendered":"COVID-19 La Pampa: de 83 muestras, 13 contactos estrechos resultaron positivos y ya son 4.879 los aislados"},"content":{"rendered":"<p>El Gobierno de la provincia de La Pampa, a trav\u00e9s del Ministerio de Salud, comunic\u00f3 que en horas de la ma\u00f1ana del d\u00eda 9 de octubre se finaliz\u00f3 con el procesamiento de 83 muestras en los laboratorios de la Direcci\u00f3n de Epidemiolog\u00eda y Gobernador Centeno y Lucio Molas, de las cuales 13 resultaron positivas para COVID-19.<\/p>\n<p>De las muestras diagnosticadas positivas 6 corresponden a residentes en la localidad de Winifreda, 2 de Santa Rosa, 3 de Quem\u00fa Quem\u00fa y 2 de General Pico. En el dia de la fecha se analizaron adem\u00e1s 4 muestras de personas procedentes del \u00e1rea de circulaci\u00f3n (Buenos Aires) que ven\u00edan a trabajar a la provincia de La Pampa, resultando positivas para COVID-19. Estas personas no residen en la Provincia, se encuentran cumpliendo el aislamiento correspondiente.<\/p>\n<p>Fe de erratas: uno de los casos notificados como positivos ayer para la localidad de Realic\u00f3, una vez realizada la investigaci\u00f3n epidemiol\u00f3gica se determin\u00f3 que la persona reside en la localidad de Maisonave.<\/p>\n<p>Situaci\u00f3n provincial;<\/p>\n<p>Desde el inicio de la pandemia, en La Pampa, se registraron un total de 938 casos positivos para COVID-19, de los cuales 257 permanecen activos, 10 han fallecido y 671 se han recuperado, entre estos \u00faltimos se encuentran 1 persona de Intendente Alvear, 1 de Toay, 3 de Santa Rosa, 1 de 25 de Mayo y 2 de Bernasconi.<\/p>\n<p>Los casos confirmados activos est\u00e1n distribuidos de la siguiente manera: 63 en la ciudad de Santa Rosa, 55 en General Pico, 32 en 25 de Mayo, 16 en Toay, 7 en Intendente Alvear, 12 en Bernardo Larroud\u00e9, 41 en Winifreda, 12 en Realic\u00f3, 2 en Bernasconi, 2 en General San Mart\u00edn, 2 en Lonquimay, 3 en Embajador Martini, 2 en Macach\u00edn, 5 en Quem\u00fa Quem\u00fa, 1 en Ingeniero Luiggi y 1 Colonia Bar\u00f3n y 1 en Maisonave.<\/p>\n<p>Al d\u00eda de la fecha se encuentran aisladas un total de 4.879 personas en toda la Provincia.<br \/>\nSe encuentran internadas 22 personas confirmadas para COVID-19. En General Pico 9 personas, de ellas 3 en sala de terapia intensiva y 6 en modulares. En el Centro Emergente de Asistencia Respiratoria (CEAR) de Santa Rosa, se encuentran internadas 13 personas, de ellas 11 en cl\u00ednica m\u00e9dica y 2 en terapia intensiva.<\/p>\n<div class=\"oasis-despues-del-contenido\" id=\"oasis-3536777\"><img loading=\"lazy\" decoding=\"async\" src=\"https:\/\/oasisfm935.com.ar\/site\/wp-content\/uploads\/2020\/08\/47806202-8741-49f2-a5c9-d2f930e5baa1.jpg\" alt=\"\"  srcset=\"https:\/\/oasisfm935.com.ar\/site\/wp-content\/uploads\/2020\/08\/47806202-8741-49f2-a5c9-d2f930e5baa1.jpg 1080w, https:\/\/oasisfm935.com.ar\/site\/wp-content\/uploads\/2020\/08\/47806202-8741-49f2-a5c9-d2f930e5baa1-300x300.jpg 300w, https:\/\/oasisfm935.com.ar\/site\/wp-content\/uploads\/2020\/08\/47806202-8741-49f2-a5c9-d2f930e5baa1-1024x1024.jpg 1024w, https:\/\/oasisfm935.com.ar\/site\/wp-content\/uploads\/2020\/08\/47806202-8741-49f2-a5c9-d2f930e5baa1-150x150.jpg 150w, https:\/\/oasisfm935.com.ar\/site\/wp-content\/uploads\/2020\/08\/47806202-8741-49f2-a5c9-d2f930e5baa1-768x768.jpg 768w\" sizes=\"(max-width: 1080px) 100vw, 1080px\" class=\"no-lazyload\" width=\"1080\" height=\"1080\"  style=\"display: inline-block;\" \/><\/div>","protected":false},"excerpt":{"rendered":"<p>El Gobierno de la provincia de La Pampa, a trav\u00e9s del Ministerio de Salud, comunic\u00f3 que en horas de la ma\u00f1ana del<\/p>\n","protected":false},"author":4,"featured_media":7299,"comment_status":"closed","ping_status":"open","sticky":false,"template":"","format":"standard","meta":{"colormag_page_layout":"default_layout","footnotes":""},"categories":[2],"tags":[],"class_list":["post-7298","post","type-post","status-publish","format-standard","has-post-thumbnail","hentry","category-noticias"],"_links":{"self":[{"href":"https:\/\/oasisfm935.com.ar\/site\/wp-json\/wp\/v2\/posts\/7298","targetHints":{"allow":["GET"]}}],"collection":[{"href":"https:\/\/oasisfm935.com.ar\/site\/wp-json\/wp\/v2\/posts"}],"about":[{"href":"https:\/\/oasisfm935.com.ar\/site\/wp-json\/wp\/v2\/types\/post"}],"author":[{"embeddable":true,"href":"https:\/\/oasisfm935.com.ar\/site\/wp-json\/wp\/v2\/users\/4"}],"replies":[{"embeddable":true,"href":"https:\/\/oasisfm935.com.ar\/site\/wp-json\/wp\/v2\/comments?post=7298"}],"version-history":[{"count":1,"href":"https:\/\/oasisfm935.com.ar\/site\/wp-json\/wp\/v2\/posts\/7298\/revisions"}],"predecessor-version":[{"id":7300,"href":"https:\/\/oasisfm935.com.ar\/site\/wp-json\/wp\/v2\/posts\/7298\/revisions\/7300"}],"wp:featuredmedia":[{"embeddable":true,"href":"https:\/\/oasisfm935.com.ar\/site\/wp-json\/wp\/v2\/media\/7299"}],"wp:attachment":[{"href":"https:\/\/oasisfm935.com.ar\/site\/wp-json\/wp\/v2\/media?parent=7298"}],"wp:term":[{"taxonomy":"category","embeddable":true,"href":"https:\/\/oasisfm935.com.ar\/site\/wp-json\/wp\/v2\/categories?post=7298"},{"taxonomy":"post_tag","embeddable":true,"href":"https:\/\/oasisfm935.com.ar\/site\/wp-json\/wp\/v2\/tags?post=7298"}],"curies":[{"name":"wp","href":"https:\/\/api.w.org\/{rel}","templated":true}]}}