{"id":7309,"date":"2020-10-10T09:40:57","date_gmt":"2020-10-10T12:40:57","guid":{"rendered":"http:\/\/oasisfm935.com\/site\/?p=7309"},"modified":"2020-10-10T09:40:57","modified_gmt":"2020-10-10T12:40:57","slug":"hay-4-aislados-en-parera-por-el-primer-caso-positivo-de-covid-19-en-luiggi","status":"publish","type":"post","link":"https:\/\/oasisfm935.com.ar\/site\/hay-4-aislados-en-parera-por-el-primer-caso-positivo-de-covid-19-en-luiggi\/","title":{"rendered":"Hay 4 aislados en Parera por el primer caso positivo de Covid-19 en Luiggi"},"content":{"rendered":"<p>Autoridadades de Salud de Parera informaron que por el primer caso positivo en Ingeniero Luiggi hay cuatro personas aisladas en la localidad por ser contactos de contacto.<\/p>\n<p>El director del hospital Armando Parodi Gustavo Topfanin inform\u00f3 a\u00a0<strong>Zonal Noticias<\/strong>\u00a0adem\u00e1s que \u00abh<strong>ay algunos hisopados en marcha pero que no tienen que ver con este caso de Luiggi. Se trata de personas que han presentado s\u00edntomas y estamos esperando esos resultados\u00bb.<\/strong><\/p>\n<blockquote class=\"wp-block-quote\"><p>Recordemos que el jueves pasado recibieron el alta m\u00e9dica y ya se encuentran en su casa, la madre y su hija de 13 a\u00f1os que hab\u00edan contra\u00eddo coronarivus.<\/p><\/blockquote>\n<p><strong>Ambas contin\u00faan con el aislamiento 4 d\u00edas m\u00e1s hasta el lunes y luego har\u00e1n vida normal.<\/strong><\/p>\n<div class=\"oasis-despues-del-contenido\" id=\"oasis-1330287164\"><img loading=\"lazy\" decoding=\"async\" src=\"https:\/\/oasisfm935.com.ar\/site\/wp-content\/uploads\/2020\/08\/47806202-8741-49f2-a5c9-d2f930e5baa1.jpg\" alt=\"\"  srcset=\"https:\/\/oasisfm935.com.ar\/site\/wp-content\/uploads\/2020\/08\/47806202-8741-49f2-a5c9-d2f930e5baa1.jpg 1080w, https:\/\/oasisfm935.com.ar\/site\/wp-content\/uploads\/2020\/08\/47806202-8741-49f2-a5c9-d2f930e5baa1-300x300.jpg 300w, https:\/\/oasisfm935.com.ar\/site\/wp-content\/uploads\/2020\/08\/47806202-8741-49f2-a5c9-d2f930e5baa1-1024x1024.jpg 1024w, https:\/\/oasisfm935.com.ar\/site\/wp-content\/uploads\/2020\/08\/47806202-8741-49f2-a5c9-d2f930e5baa1-150x150.jpg 150w, https:\/\/oasisfm935.com.ar\/site\/wp-content\/uploads\/2020\/08\/47806202-8741-49f2-a5c9-d2f930e5baa1-768x768.jpg 768w\" sizes=\"(max-width: 1080px) 100vw, 1080px\" class=\"no-lazyload\" width=\"1080\" height=\"1080\"  style=\"display: inline-block;\" \/><\/div>","protected":false},"excerpt":{"rendered":"<p>Autoridadades de Salud de Parera informaron que por el primer caso positivo en Ingeniero Luiggi hay cuatro personas aisladas en la localidad<\/p>\n","protected":false},"author":4,"featured_media":7310,"comment_status":"closed","ping_status":"open","sticky":false,"template":"","format":"standard","meta":{"colormag_page_layout":"default_layout","footnotes":""},"categories":[2],"tags":[],"class_list":["post-7309","post","type-post","status-publish","format-standard","has-post-thumbnail","hentry","category-noticias"],"_links":{"self":[{"href":"https:\/\/oasisfm935.com.ar\/site\/wp-json\/wp\/v2\/posts\/7309","targetHints":{"allow":["GET"]}}],"collection":[{"href":"https:\/\/oasisfm935.com.ar\/site\/wp-json\/wp\/v2\/posts"}],"about":[{"href":"https:\/\/oasisfm935.com.ar\/site\/wp-json\/wp\/v2\/types\/post"}],"author":[{"embeddable":true,"href":"https:\/\/oasisfm935.com.ar\/site\/wp-json\/wp\/v2\/users\/4"}],"replies":[{"embeddable":true,"href":"https:\/\/oasisfm935.com.ar\/site\/wp-json\/wp\/v2\/comments?post=7309"}],"version-history":[{"count":1,"href":"https:\/\/oasisfm935.com.ar\/site\/wp-json\/wp\/v2\/posts\/7309\/revisions"}],"predecessor-version":[{"id":7311,"href":"https:\/\/oasisfm935.com.ar\/site\/wp-json\/wp\/v2\/posts\/7309\/revisions\/7311"}],"wp:featuredmedia":[{"embeddable":true,"href":"https:\/\/oasisfm935.com.ar\/site\/wp-json\/wp\/v2\/media\/7310"}],"wp:attachment":[{"href":"https:\/\/oasisfm935.com.ar\/site\/wp-json\/wp\/v2\/media?parent=7309"}],"wp:term":[{"taxonomy":"category","embeddable":true,"href":"https:\/\/oasisfm935.com.ar\/site\/wp-json\/wp\/v2\/categories?post=7309"},{"taxonomy":"post_tag","embeddable":true,"href":"https:\/\/oasisfm935.com.ar\/site\/wp-json\/wp\/v2\/tags?post=7309"}],"curies":[{"name":"wp","href":"https:\/\/api.w.org\/{rel}","templated":true}]}}