{"id":7313,"date":"2020-10-10T11:02:34","date_gmt":"2020-10-10T14:02:34","guid":{"rendered":"http:\/\/oasisfm935.com\/site\/?p=7313"},"modified":"2020-10-10T12:07:09","modified_gmt":"2020-10-10T15:07:09","slug":"ingeniero-luiggi-la-doctora-krede-informo-que-estan-trabajando-sobre-los-contactos-de-los-positivos","status":"publish","type":"post","link":"https:\/\/oasisfm935.com.ar\/site\/ingeniero-luiggi-la-doctora-krede-informo-que-estan-trabajando-sobre-los-contactos-de-los-positivos\/","title":{"rendered":"Ingeniero Luiggi: La doctora Krede informo que est\u00e1n trabajando sobre los contactos de los positivos."},"content":{"rendered":"<p>La doctora Silvia Krede directora del Hospital Justo G Ferrari dialogo con Fm Oasis: A partir del caso de ayer, se esta trabajando en este momento, estamos reunidos, porque ayer se trabajo hasta la noche con el tema de los contactos.<\/p>\n<p>Krede comento que hay personas aisladas que son los contactos estrechos, contactos de contactos y estamos revisando a partir del positivo de ayer que hoy fue traslada a general Pico, hacer todos los contactos que nos faltan.<\/p>\n<p>Seguimos por supuesto atentos a los contactos estrechos, contactos de contactos si presentan alg\u00fan s\u00edntoma que consulten en el hospital, as\u00ed hacemos como consultas mas programadas y si esa personas requieren hisopado se los atiende.<\/p>\n<p><a href=\"http:\/\/oasisfm935.com\/site\/wp-content\/uploads\/2020\/10\/121158963_644669049523516_6648774123525520792_o.jpg\"><img loading=\"lazy\" decoding=\"async\" class=\"alignnone size-full wp-image-7286\" src=\"http:\/\/oasisfm935.com\/site\/wp-content\/uploads\/2020\/10\/121158963_644669049523516_6648774123525520792_o.jpg\" alt=\"\" width=\"960\" height=\"565\" srcset=\"https:\/\/oasisfm935.com.ar\/site\/wp-content\/uploads\/2020\/10\/121158963_644669049523516_6648774123525520792_o.jpg 960w, https:\/\/oasisfm935.com.ar\/site\/wp-content\/uploads\/2020\/10\/121158963_644669049523516_6648774123525520792_o-300x177.jpg 300w, https:\/\/oasisfm935.com.ar\/site\/wp-content\/uploads\/2020\/10\/121158963_644669049523516_6648774123525520792_o-768x452.jpg 768w\" sizes=\"auto, (max-width: 960px) 100vw, 960px\" \/><\/a><\/p>\n<div class=\"oasis-despues-del-contenido\" id=\"oasis-1259212121\"><img loading=\"lazy\" decoding=\"async\" src=\"https:\/\/oasisfm935.com.ar\/site\/wp-content\/uploads\/2020\/08\/47806202-8741-49f2-a5c9-d2f930e5baa1.jpg\" alt=\"\"  srcset=\"https:\/\/oasisfm935.com.ar\/site\/wp-content\/uploads\/2020\/08\/47806202-8741-49f2-a5c9-d2f930e5baa1.jpg 1080w, https:\/\/oasisfm935.com.ar\/site\/wp-content\/uploads\/2020\/08\/47806202-8741-49f2-a5c9-d2f930e5baa1-300x300.jpg 300w, https:\/\/oasisfm935.com.ar\/site\/wp-content\/uploads\/2020\/08\/47806202-8741-49f2-a5c9-d2f930e5baa1-1024x1024.jpg 1024w, https:\/\/oasisfm935.com.ar\/site\/wp-content\/uploads\/2020\/08\/47806202-8741-49f2-a5c9-d2f930e5baa1-150x150.jpg 150w, https:\/\/oasisfm935.com.ar\/site\/wp-content\/uploads\/2020\/08\/47806202-8741-49f2-a5c9-d2f930e5baa1-768x768.jpg 768w\" sizes=\"(max-width: 1080px) 100vw, 1080px\" class=\"no-lazyload\" width=\"1080\" height=\"1080\"  style=\"display: inline-block;\" \/><\/div>","protected":false},"excerpt":{"rendered":"<p>La doctora Silvia Krede directora del Hospital Justo G Ferrari dialogo con Fm Oasis: A partir del caso de ayer, se esta<\/p>\n","protected":false},"author":4,"featured_media":7314,"comment_status":"closed","ping_status":"open","sticky":false,"template":"","format":"standard","meta":{"colormag_page_layout":"default_layout","footnotes":""},"categories":[2],"tags":[],"class_list":["post-7313","post","type-post","status-publish","format-standard","has-post-thumbnail","hentry","category-noticias"],"_links":{"self":[{"href":"https:\/\/oasisfm935.com.ar\/site\/wp-json\/wp\/v2\/posts\/7313","targetHints":{"allow":["GET"]}}],"collection":[{"href":"https:\/\/oasisfm935.com.ar\/site\/wp-json\/wp\/v2\/posts"}],"about":[{"href":"https:\/\/oasisfm935.com.ar\/site\/wp-json\/wp\/v2\/types\/post"}],"author":[{"embeddable":true,"href":"https:\/\/oasisfm935.com.ar\/site\/wp-json\/wp\/v2\/users\/4"}],"replies":[{"embeddable":true,"href":"https:\/\/oasisfm935.com.ar\/site\/wp-json\/wp\/v2\/comments?post=7313"}],"version-history":[{"count":1,"href":"https:\/\/oasisfm935.com.ar\/site\/wp-json\/wp\/v2\/posts\/7313\/revisions"}],"predecessor-version":[{"id":7315,"href":"https:\/\/oasisfm935.com.ar\/site\/wp-json\/wp\/v2\/posts\/7313\/revisions\/7315"}],"wp:featuredmedia":[{"embeddable":true,"href":"https:\/\/oasisfm935.com.ar\/site\/wp-json\/wp\/v2\/media\/7314"}],"wp:attachment":[{"href":"https:\/\/oasisfm935.com.ar\/site\/wp-json\/wp\/v2\/media?parent=7313"}],"wp:term":[{"taxonomy":"category","embeddable":true,"href":"https:\/\/oasisfm935.com.ar\/site\/wp-json\/wp\/v2\/categories?post=7313"},{"taxonomy":"post_tag","embeddable":true,"href":"https:\/\/oasisfm935.com.ar\/site\/wp-json\/wp\/v2\/tags?post=7313"}],"curies":[{"name":"wp","href":"https:\/\/api.w.org\/{rel}","templated":true}]}}