{"id":732,"date":"2019-02-09T21:08:26","date_gmt":"2019-02-10T00:08:26","guid":{"rendered":"http:\/\/oasisfm935.com\/site\/?p=732"},"modified":"2019-02-09T21:08:26","modified_gmt":"2019-02-10T00:08:26","slug":"incendio-en-panaderia-de-san-cayetano","status":"publish","type":"post","link":"https:\/\/oasisfm935.com.ar\/site\/incendio-en-panaderia-de-san-cayetano\/","title":{"rendered":"\u201cINCENDIO EN PANADERIA DE SAN CAYETANO\u201d"},"content":{"rendered":"<p>&nbsp;<\/p>\n<p>En el d\u00eda de ayer pasadas las 17:45 Hs. Se dio a conocer un incendio en el interior de la Panader\u00eda del Supermercado San Cayetano.<\/p>\n<p>Dialogamos con el Sub Jefe de Bomberos de Ingeniero Luiggi y nos coment\u00f3 lo siguiente: \u00abCerca de las 18 Horas, personal de la Polic\u00eda Local nos avisa que sal\u00eda humo del Boliche bailable MEET DISCO, que se encuentra a la vuelta de la comisar\u00eda, se dio el alerta al personal de Bomberos y desplazamos un M\u00f3vil para corroborar e informe que suced\u00eda, llegando al lugar la unidad nos informa que el humo pertenec\u00eda a la panaderia\u00bb<\/p>\n<p><a href=\"http:\/\/oasisfm935.com\/site\/wp-content\/uploads\/2019\/02\/FB_IMG_1549756430965.jpg\"><img loading=\"lazy\" decoding=\"async\" class=\"alignnone size-full wp-image-733\" src=\"http:\/\/oasisfm935.com\/site\/wp-content\/uploads\/2019\/02\/FB_IMG_1549756430965.jpg\" alt=\"\" width=\"720\" height=\"960\" srcset=\"https:\/\/oasisfm935.com.ar\/site\/wp-content\/uploads\/2019\/02\/FB_IMG_1549756430965.jpg 720w, https:\/\/oasisfm935.com.ar\/site\/wp-content\/uploads\/2019\/02\/FB_IMG_1549756430965-225x300.jpg 225w\" sizes=\"auto, (max-width: 720px) 100vw, 720px\" \/><\/a><\/p>\n<p>En el di\u00e1logo con el encargado nos coment\u00f3 el trabajo que realizaron y agreg\u00f3 \u00abno hab\u00eda nadie en el lugar del incendio, s\u00f3lo fueron da\u00f1os materiales\u00bb<\/p>\n<p>\u00abNo paso a mayores Afortunadamente, y agradecemos a personal de la Comisar\u00eda que siempre nos mantienen alerta y al personal de Bomberos que responden a este trabajo sin duda\u00bb agreg\u00f3 Jaimes.<\/p>\n<ul>\n<li><a href=\"http:\/\/oasisfm935.com\/site\/wp-content\/uploads\/2019\/02\/FB_IMG_1549756434464.jpg\"><img loading=\"lazy\" decoding=\"async\" class=\"alignnone size-full wp-image-734\" src=\"http:\/\/oasisfm935.com\/site\/wp-content\/uploads\/2019\/02\/FB_IMG_1549756434464.jpg\" alt=\"\" width=\"720\" height=\"960\" srcset=\"https:\/\/oasisfm935.com.ar\/site\/wp-content\/uploads\/2019\/02\/FB_IMG_1549756434464.jpg 720w, https:\/\/oasisfm935.com.ar\/site\/wp-content\/uploads\/2019\/02\/FB_IMG_1549756434464-225x300.jpg 225w\" sizes=\"auto, (max-width: 720px) 100vw, 720px\" \/><\/a><\/li>\n<\/ul>\n<p>M\u00e1s de una hora, de trabajo en lugar con alta temperatura tuvieron que estar los bomberos.<\/p>\n<p>Gracias a los Bomberos Voluntarios por brindarnos su gran servicio y al Personal de la Comisar\u00eda Local.<\/p>\n<div class=\"oasis-despues-del-contenido\" id=\"oasis-1645825882\"><img loading=\"lazy\" decoding=\"async\" src=\"https:\/\/oasisfm935.com.ar\/site\/wp-content\/uploads\/2020\/08\/47806202-8741-49f2-a5c9-d2f930e5baa1.jpg\" alt=\"\"  srcset=\"https:\/\/oasisfm935.com.ar\/site\/wp-content\/uploads\/2020\/08\/47806202-8741-49f2-a5c9-d2f930e5baa1.jpg 1080w, https:\/\/oasisfm935.com.ar\/site\/wp-content\/uploads\/2020\/08\/47806202-8741-49f2-a5c9-d2f930e5baa1-300x300.jpg 300w, https:\/\/oasisfm935.com.ar\/site\/wp-content\/uploads\/2020\/08\/47806202-8741-49f2-a5c9-d2f930e5baa1-1024x1024.jpg 1024w, https:\/\/oasisfm935.com.ar\/site\/wp-content\/uploads\/2020\/08\/47806202-8741-49f2-a5c9-d2f930e5baa1-150x150.jpg 150w, https:\/\/oasisfm935.com.ar\/site\/wp-content\/uploads\/2020\/08\/47806202-8741-49f2-a5c9-d2f930e5baa1-768x768.jpg 768w\" sizes=\"(max-width: 1080px) 100vw, 1080px\" class=\"no-lazyload\" width=\"1080\" height=\"1080\"  style=\"display: inline-block;\" \/><\/div>","protected":false},"excerpt":{"rendered":"<p>&nbsp; En el d\u00eda de ayer pasadas las 17:45 Hs. Se dio a conocer un incendio en el interior de la Panader\u00eda<\/p>\n","protected":false},"author":4,"featured_media":735,"comment_status":"closed","ping_status":"open","sticky":false,"template":"","format":"standard","meta":{"colormag_page_layout":"default_layout","footnotes":""},"categories":[2],"tags":[],"class_list":["post-732","post","type-post","status-publish","format-standard","has-post-thumbnail","hentry","category-noticias"],"_links":{"self":[{"href":"https:\/\/oasisfm935.com.ar\/site\/wp-json\/wp\/v2\/posts\/732","targetHints":{"allow":["GET"]}}],"collection":[{"href":"https:\/\/oasisfm935.com.ar\/site\/wp-json\/wp\/v2\/posts"}],"about":[{"href":"https:\/\/oasisfm935.com.ar\/site\/wp-json\/wp\/v2\/types\/post"}],"author":[{"embeddable":true,"href":"https:\/\/oasisfm935.com.ar\/site\/wp-json\/wp\/v2\/users\/4"}],"replies":[{"embeddable":true,"href":"https:\/\/oasisfm935.com.ar\/site\/wp-json\/wp\/v2\/comments?post=732"}],"version-history":[{"count":1,"href":"https:\/\/oasisfm935.com.ar\/site\/wp-json\/wp\/v2\/posts\/732\/revisions"}],"predecessor-version":[{"id":736,"href":"https:\/\/oasisfm935.com.ar\/site\/wp-json\/wp\/v2\/posts\/732\/revisions\/736"}],"wp:featuredmedia":[{"embeddable":true,"href":"https:\/\/oasisfm935.com.ar\/site\/wp-json\/wp\/v2\/media\/735"}],"wp:attachment":[{"href":"https:\/\/oasisfm935.com.ar\/site\/wp-json\/wp\/v2\/media?parent=732"}],"wp:term":[{"taxonomy":"category","embeddable":true,"href":"https:\/\/oasisfm935.com.ar\/site\/wp-json\/wp\/v2\/categories?post=732"},{"taxonomy":"post_tag","embeddable":true,"href":"https:\/\/oasisfm935.com.ar\/site\/wp-json\/wp\/v2\/tags?post=732"}],"curies":[{"name":"wp","href":"https:\/\/api.w.org\/{rel}","templated":true}]}}