{"id":7321,"date":"2020-10-10T18:03:48","date_gmt":"2020-10-10T21:03:48","guid":{"rendered":"http:\/\/oasisfm935.com\/site\/?p=7321"},"modified":"2020-10-10T18:03:48","modified_gmt":"2020-10-10T21:03:48","slug":"la-pampa-covid-19-una-mujer-de-intendente-alvear-fallecio-hoy-en-el-hospital-gobernador-centeno","status":"publish","type":"post","link":"https:\/\/oasisfm935.com.ar\/site\/la-pampa-covid-19-una-mujer-de-intendente-alvear-fallecio-hoy-en-el-hospital-gobernador-centeno\/","title":{"rendered":"La Pampa COVID-19: Una mujer de Intendente Alvear falleci\u00f3 hoy en el Hospital Gobernador Centeno."},"content":{"rendered":"<p>El Gobierno de La Pampa, a trav\u00e9s del Ministerio de Salud, inform\u00f3 que hoy s\u00e1bado 10 de octubre se produjo el fallecimiento de una mujer de 62 a\u00f1os de edad, luego de cursar 20 d\u00edas de internaci\u00f3n.<\/p>\n<p>La mujer resid\u00eda en la localidad de Intendente Alvear y se encontraba internada en sala de terapia intensiva del Establecimiento Asistencial Gobernador Centeno por presentar patolog\u00eda respiratoria COVID positivo.<\/p>\n<p>A su vez, informaron que se trataba de una paciente con enfermedades preexistentes.<\/p>\n<div class=\"oasis-despues-del-contenido\" id=\"oasis-858798525\"><img loading=\"lazy\" decoding=\"async\" src=\"https:\/\/oasisfm935.com.ar\/site\/wp-content\/uploads\/2020\/08\/47806202-8741-49f2-a5c9-d2f930e5baa1.jpg\" alt=\"\"  srcset=\"https:\/\/oasisfm935.com.ar\/site\/wp-content\/uploads\/2020\/08\/47806202-8741-49f2-a5c9-d2f930e5baa1.jpg 1080w, https:\/\/oasisfm935.com.ar\/site\/wp-content\/uploads\/2020\/08\/47806202-8741-49f2-a5c9-d2f930e5baa1-300x300.jpg 300w, https:\/\/oasisfm935.com.ar\/site\/wp-content\/uploads\/2020\/08\/47806202-8741-49f2-a5c9-d2f930e5baa1-1024x1024.jpg 1024w, https:\/\/oasisfm935.com.ar\/site\/wp-content\/uploads\/2020\/08\/47806202-8741-49f2-a5c9-d2f930e5baa1-150x150.jpg 150w, https:\/\/oasisfm935.com.ar\/site\/wp-content\/uploads\/2020\/08\/47806202-8741-49f2-a5c9-d2f930e5baa1-768x768.jpg 768w\" sizes=\"(max-width: 1080px) 100vw, 1080px\" class=\"no-lazyload\" width=\"1080\" height=\"1080\"  style=\"display: inline-block;\" \/><\/div>","protected":false},"excerpt":{"rendered":"<p>El Gobierno de La Pampa, a trav\u00e9s del Ministerio de Salud, inform\u00f3 que hoy s\u00e1bado 10 de octubre se produjo el fallecimiento<\/p>\n","protected":false},"author":4,"featured_media":7322,"comment_status":"closed","ping_status":"open","sticky":false,"template":"","format":"standard","meta":{"colormag_page_layout":"default_layout","footnotes":""},"categories":[2],"tags":[],"class_list":["post-7321","post","type-post","status-publish","format-standard","has-post-thumbnail","hentry","category-noticias"],"_links":{"self":[{"href":"https:\/\/oasisfm935.com.ar\/site\/wp-json\/wp\/v2\/posts\/7321","targetHints":{"allow":["GET"]}}],"collection":[{"href":"https:\/\/oasisfm935.com.ar\/site\/wp-json\/wp\/v2\/posts"}],"about":[{"href":"https:\/\/oasisfm935.com.ar\/site\/wp-json\/wp\/v2\/types\/post"}],"author":[{"embeddable":true,"href":"https:\/\/oasisfm935.com.ar\/site\/wp-json\/wp\/v2\/users\/4"}],"replies":[{"embeddable":true,"href":"https:\/\/oasisfm935.com.ar\/site\/wp-json\/wp\/v2\/comments?post=7321"}],"version-history":[{"count":1,"href":"https:\/\/oasisfm935.com.ar\/site\/wp-json\/wp\/v2\/posts\/7321\/revisions"}],"predecessor-version":[{"id":7323,"href":"https:\/\/oasisfm935.com.ar\/site\/wp-json\/wp\/v2\/posts\/7321\/revisions\/7323"}],"wp:featuredmedia":[{"embeddable":true,"href":"https:\/\/oasisfm935.com.ar\/site\/wp-json\/wp\/v2\/media\/7322"}],"wp:attachment":[{"href":"https:\/\/oasisfm935.com.ar\/site\/wp-json\/wp\/v2\/media?parent=7321"}],"wp:term":[{"taxonomy":"category","embeddable":true,"href":"https:\/\/oasisfm935.com.ar\/site\/wp-json\/wp\/v2\/categories?post=7321"},{"taxonomy":"post_tag","embeddable":true,"href":"https:\/\/oasisfm935.com.ar\/site\/wp-json\/wp\/v2\/tags?post=7321"}],"curies":[{"name":"wp","href":"https:\/\/api.w.org\/{rel}","templated":true}]}}