{"id":7324,"date":"2020-10-10T19:04:00","date_gmt":"2020-10-10T22:04:00","guid":{"rendered":"http:\/\/oasisfm935.com\/site\/?p=7324"},"modified":"2020-10-10T19:04:00","modified_gmt":"2020-10-10T22:04:00","slug":"la-pampa-covid-19-ingeniero-luiggi-suma-un-caso-mas-y-ya-son-tres-los-casos-positivos-en-la-localidad","status":"publish","type":"post","link":"https:\/\/oasisfm935.com.ar\/site\/la-pampa-covid-19-ingeniero-luiggi-suma-un-caso-mas-y-ya-son-tres-los-casos-positivos-en-la-localidad\/","title":{"rendered":"La Pampa COVID-19: Ingeniero Luiggi suma un caso mas y ya son tres los casos positivos en la localidad."},"content":{"rendered":"<p>De ellos 22 eran contactos estrechos y hay 5 en investigaci\u00f3n. En la Provincia, al d\u00eda de la fecha, hay 5.028 personas aisladas y se contin\u00faa con el trabajo territorial de \u00abB\u00fasqueda Activa\u00bb.}<\/p>\n<p>El Gobierno de la provincia de La Pampa, a trav\u00e9s del Ministerio de Salud, comunic\u00f3 que en horas de la tarde del d\u00eda 10 de octubre se finaliz\u00f3 con el procesamiento de 134 muestras en los laboratorios de la Direcci\u00f3n de Epidemiolog\u00eda y del hospital Gobernador Centeno y Lucio Molas, de las cuales 27 resultaron positivas para COVID-19.<\/p>\n<p>De ellas 6 personas son residentes en la ciudad de Santa Rosa, 11 en General Pico, 4 en Winifreda, 2 en Quem\u00fa Quem\u00fa, 1 en 25 de Mayo, 1 en Ingeniero Luiggi , 1 en Toay y 1 en Trenel.\u00a0 De los 27 casos confirmados 22 se encontraban aislados por ser considerados contactos estrechos, mientras que 5 casos contin\u00faan en investigaci\u00f3n epidemiol\u00f3gica.<\/p>\n<p><strong>B\u00fasqueda Activa<\/strong><br \/>\n<strong>General Pico<\/strong>: en el d\u00eda de ayer se realiz\u00f3 B\u00fasqueda Activa de posibles casos en la zona centro de esta ciudad. Se les realiz\u00f3 seguimiento a 958 personas de las cuales 4 presentaban s\u00edntomas compatibles con el virus, fueron hisopadas y se aguardan los resultados<\/p>\n<p><strong>Santa Rosa:<\/strong>\u00a0desde diversos Centros de Salud se contin\u00faa buscando en el terreno a personas sintom\u00e1ticas compatibles con COVID-19. En el d\u00eda de ayer se visitaron 1.242 viviendas y se encuestaron 3.215 personas, de ellas 4 fueron hisopadas por ser sintom\u00e1ticas.<\/p>\n<p><strong>Situaci\u00f3n provincial<\/strong><br \/>\nDesde el inicio de la pandemia, en La Pampa, se registraron un total de 997 casos positivos para COVID-19, de los cuales 288 permanecen activos, 11 han fallecido y 698 se han recuperado, entre estos \u00faltimos se encuentran 1 persona de Realic\u00f3, 2 de Santa Rosa, 9 de Winifreda, 1 de Lonquimay, 1 de Toay, 9 de 25 de Mayo. Los casos confirmados activos est\u00e1n distribuidos de la siguiente manera: 82 en la ciudad de Santa Rosa, 70 en General Pico, 30 en 25 de Mayo, 17 en Toay, 6 en Alvear, 12 en Bernardo Larroud\u00e9, 35 en Winifreda, 11 en Realic\u00f3, 2 en Bernasconi, 2 en General San Mart\u00edn, 1 en Lonquimay, 3 en Embajador Martini, 2 en Macach\u00edn, 7 en Quem\u00fa Quem\u00fa, 3 en Ingeniero Luiggi, 1 Colonia Bar\u00f3n, 3 en Maisonnave y 1 en Trenel.<\/p>\n<p>Al d\u00eda de la fecha se encuentran aisladas un total de 5.028 personas en toda la Provincia.<br \/>\nSe encuentran internados 23 pacientes confirmados para COVID-19. En General Pico 9 pacientes, de ellas 2 en sala de terapia intensiva y 7 en modulares. En el Centro Emergente de Asistencia Respiratoria (CEAR) de Santa Rosa, se encuentran internadas 14 pacientes, 11 de ellos en cl\u00ednica m\u00e9dica y 3 en sala de terapia intensiva.<\/p>\n<div class=\"oasis-despues-del-contenido\" id=\"oasis-843635838\"><img loading=\"lazy\" decoding=\"async\" src=\"https:\/\/oasisfm935.com.ar\/site\/wp-content\/uploads\/2020\/08\/47806202-8741-49f2-a5c9-d2f930e5baa1.jpg\" alt=\"\"  srcset=\"https:\/\/oasisfm935.com.ar\/site\/wp-content\/uploads\/2020\/08\/47806202-8741-49f2-a5c9-d2f930e5baa1.jpg 1080w, https:\/\/oasisfm935.com.ar\/site\/wp-content\/uploads\/2020\/08\/47806202-8741-49f2-a5c9-d2f930e5baa1-300x300.jpg 300w, https:\/\/oasisfm935.com.ar\/site\/wp-content\/uploads\/2020\/08\/47806202-8741-49f2-a5c9-d2f930e5baa1-1024x1024.jpg 1024w, https:\/\/oasisfm935.com.ar\/site\/wp-content\/uploads\/2020\/08\/47806202-8741-49f2-a5c9-d2f930e5baa1-150x150.jpg 150w, https:\/\/oasisfm935.com.ar\/site\/wp-content\/uploads\/2020\/08\/47806202-8741-49f2-a5c9-d2f930e5baa1-768x768.jpg 768w\" sizes=\"(max-width: 1080px) 100vw, 1080px\" class=\"no-lazyload\" width=\"1080\" height=\"1080\"  style=\"display: inline-block;\" \/><\/div>","protected":false},"excerpt":{"rendered":"<p>De ellos 22 eran contactos estrechos y hay 5 en investigaci\u00f3n. En la Provincia, al d\u00eda de la fecha, hay 5.028 personas<\/p>\n","protected":false},"author":4,"featured_media":7325,"comment_status":"closed","ping_status":"open","sticky":false,"template":"","format":"standard","meta":{"colormag_page_layout":"default_layout","footnotes":""},"categories":[2],"tags":[],"class_list":["post-7324","post","type-post","status-publish","format-standard","has-post-thumbnail","hentry","category-noticias"],"_links":{"self":[{"href":"https:\/\/oasisfm935.com.ar\/site\/wp-json\/wp\/v2\/posts\/7324","targetHints":{"allow":["GET"]}}],"collection":[{"href":"https:\/\/oasisfm935.com.ar\/site\/wp-json\/wp\/v2\/posts"}],"about":[{"href":"https:\/\/oasisfm935.com.ar\/site\/wp-json\/wp\/v2\/types\/post"}],"author":[{"embeddable":true,"href":"https:\/\/oasisfm935.com.ar\/site\/wp-json\/wp\/v2\/users\/4"}],"replies":[{"embeddable":true,"href":"https:\/\/oasisfm935.com.ar\/site\/wp-json\/wp\/v2\/comments?post=7324"}],"version-history":[{"count":1,"href":"https:\/\/oasisfm935.com.ar\/site\/wp-json\/wp\/v2\/posts\/7324\/revisions"}],"predecessor-version":[{"id":7326,"href":"https:\/\/oasisfm935.com.ar\/site\/wp-json\/wp\/v2\/posts\/7324\/revisions\/7326"}],"wp:featuredmedia":[{"embeddable":true,"href":"https:\/\/oasisfm935.com.ar\/site\/wp-json\/wp\/v2\/media\/7325"}],"wp:attachment":[{"href":"https:\/\/oasisfm935.com.ar\/site\/wp-json\/wp\/v2\/media?parent=7324"}],"wp:term":[{"taxonomy":"category","embeddable":true,"href":"https:\/\/oasisfm935.com.ar\/site\/wp-json\/wp\/v2\/categories?post=7324"},{"taxonomy":"post_tag","embeddable":true,"href":"https:\/\/oasisfm935.com.ar\/site\/wp-json\/wp\/v2\/tags?post=7324"}],"curies":[{"name":"wp","href":"https:\/\/api.w.org\/{rel}","templated":true}]}}