{"id":7333,"date":"2020-10-11T08:56:38","date_gmt":"2020-10-11T11:56:38","guid":{"rendered":"http:\/\/oasisfm935.com\/site\/?p=7333"},"modified":"2020-10-11T08:56:38","modified_gmt":"2020-10-11T11:56:38","slug":"todos-los-gobernadores-llaman-a-la-responsabilidad-para-combatir-la-pandemia","status":"publish","type":"post","link":"https:\/\/oasisfm935.com.ar\/site\/todos-los-gobernadores-llaman-a-la-responsabilidad-para-combatir-la-pandemia\/","title":{"rendered":"Todos los gobernadores llaman a la responsabilidad para combatir la pandemia"},"content":{"rendered":"<p>Los mandatarios provinciales, entre ellos el pampeano Sergio Ziliotto, firmaron un texto titulado \u00abUnidos vamos a salir adelante\u00bb instaron a la sociedad a mantener las medidas de cuidado sanitario.<\/p>\n<p>Los 23 gobernadores provinciales y el jefe de Gobierno porte\u00f1o firmaron un comunicado conjunto este s\u00e1bado en el que instaron a la sociedad argentina a seguir luchando con responsabilidad y solidaridad para combatir la pandemia de coronavirus.<\/p>\n<p>En el texto, titulado \u00abUnidos vamos a salir adelante\u00bb, los mandatarios covocaron a \u00abmultiplicar los esfuerzos para superar este drama global y sus consecuencias\u00bb.<\/p>\n<p>\u00abLa pandemia afecta hoy a nuestras provincias y a la Ciudad de Buenos Aires. A nuestra Argentina, sin distinciones, Para enfrenta, nuestro compromiso es el que asumimos desde el primer d\u00eda: estar m\u00e1s unidos que nunca\u00bb, indicaron.<\/p>\n<p>Adem\u00e1s, ratificaron su apoyo al presidente Alberto Fern\u00e1ndez en la conducci\u00f3n de esta crisis sanitaria. \u00abLos gobernadores y las gobernadoras estamos junto al Presidente y a cada intendente en todo el pa\u00eds al frente de esta lucha para reducir los da\u00f1os y salvar la mayor cantidad de vidas posible\u00bb.<\/p>\n<p>En este sentido, reclamaron a la ciudadan\u00eda que respete las medidas de cuidado para \u00abproteger a los argentinos y argentinas\u00bb. \u00abDebemos mantener el uso del tapabocas, los dos metros de distancia, el lavado de manos y las restricciones de circulaci\u00f3n all\u00ed donde sea necesario. Cuidamos para que cada persona que lo necesite pueda acceder a la atenci\u00f3n m\u00e9dica, para que el sistema de salud pueda dar respuestas\u00bb, recordaron.<\/p>\n<p>Los mandatarios provinciales hicieron hincapi\u00e9 en el comunicado que el riesgo del coronavirus \u00absigue presente\u00bb. \u00abEn una pandemia no hay lugar para actitudes irresponsables que pongan en riesgo la salud\u00bb, advirtieron.<\/p>\n<p>\u00abEl mundo demuestra que la pandemia se extiende en el tiempo. Por eso es necesario recuperar paulatinamente nuestras actividades de manera segura, cuidando la vida, el trabajo y la educaci\u00f3n al mismo tiempo. Son tiempos excepcionales, sin precedentes, que exigen soluciones novedosas\u00bb, continuaron.<\/p>\n<p>Por \u00faltimo, ratificaron su compromiso a seguir trabajando \u00abcolectivamente sin mezquindades\u00bb y \u00abm\u00e1s all\u00e1 de cualquier diferencia, para defender la vida\u00bb.<\/p>\n<p>\u00abCon esta voz en com\u00fan convocamos a todos ya todas, en cada uno de los rincones de nuestro pa\u00eds, a seguir siendo responsables, a seguir siendo solidarios. Seamos protagonistas entre todos y todas. Unidos vamos a salir adelante\u00bb, concluyeron.<\/p>\n<p><strong>El texto lo firma Axel Kicillof, por la provincia de Buenos Aires; Ra\u00fal Jalil por Catamarca; Jorge Capitanich por Chaco; Mariano Arcioni, por Chubut; Horacio Rodr\u00edguez Larreta, por la Ciudad de Buenos Aires; Juan Schiaretti por C\u00f3rdoba; Gustavo Vald\u00e9s por Corrientes; Gustavo Bordet por Entre Rios, Gildo Insfr\u00e1n por Formosa; Gerardo Morales por Jujuy; Sergio Ziliotto por La Pampa; Ricardo Quintela por La Rioja; Rodolfo Su\u00e1rez por Mendoza; Oscar Herrera Ahuad por Misiones; Omar Guti\u00e9rrez por Neuqu\u00e9n; Arabela Carreras por R\u00edo Negro; Gustavo S\u00e1enz por Salta; Sergio U\u00f1ac por San Juan; Alberto Rodr\u00edguez Sa\u00e1 por San Luis, Alicia Kirchner por Santa Cruz; Omar Perotti por Santa Fe; Gerardo Zamora por Santiago del Estero; Gustavo Melella por Tierra del Fuego y Juan Manzur por Tucum\u00e1n.<\/strong><\/p>\n<p>Este viernes, Alberto Fern\u00e1ndez anunci\u00f3 en conferencia de prensa una nueva extensi\u00f3n del Aislamiento Social, Preventivo y Obligatorio hasta el 25 de octubre con el foco puesto en bajar la circulaci\u00f3n en 18 provincias del interior del pa\u00eds, ante el fuerte aumento de los casos.<\/p>\n<div class=\"oasis-despues-del-contenido\" id=\"oasis-2185169413\"><img loading=\"lazy\" decoding=\"async\" src=\"https:\/\/oasisfm935.com.ar\/site\/wp-content\/uploads\/2020\/08\/47806202-8741-49f2-a5c9-d2f930e5baa1.jpg\" alt=\"\"  srcset=\"https:\/\/oasisfm935.com.ar\/site\/wp-content\/uploads\/2020\/08\/47806202-8741-49f2-a5c9-d2f930e5baa1.jpg 1080w, https:\/\/oasisfm935.com.ar\/site\/wp-content\/uploads\/2020\/08\/47806202-8741-49f2-a5c9-d2f930e5baa1-300x300.jpg 300w, https:\/\/oasisfm935.com.ar\/site\/wp-content\/uploads\/2020\/08\/47806202-8741-49f2-a5c9-d2f930e5baa1-1024x1024.jpg 1024w, https:\/\/oasisfm935.com.ar\/site\/wp-content\/uploads\/2020\/08\/47806202-8741-49f2-a5c9-d2f930e5baa1-150x150.jpg 150w, https:\/\/oasisfm935.com.ar\/site\/wp-content\/uploads\/2020\/08\/47806202-8741-49f2-a5c9-d2f930e5baa1-768x768.jpg 768w\" sizes=\"(max-width: 1080px) 100vw, 1080px\" class=\"no-lazyload\" width=\"1080\" height=\"1080\"  style=\"display: inline-block;\" \/><\/div>","protected":false},"excerpt":{"rendered":"<p>Los mandatarios provinciales, entre ellos el pampeano Sergio Ziliotto, firmaron un texto titulado \u00abUnidos vamos a salir adelante\u00bb instaron a la sociedad<\/p>\n","protected":false},"author":4,"featured_media":7334,"comment_status":"closed","ping_status":"open","sticky":false,"template":"","format":"standard","meta":{"colormag_page_layout":"default_layout","footnotes":""},"categories":[2],"tags":[],"class_list":["post-7333","post","type-post","status-publish","format-standard","has-post-thumbnail","hentry","category-noticias"],"_links":{"self":[{"href":"https:\/\/oasisfm935.com.ar\/site\/wp-json\/wp\/v2\/posts\/7333","targetHints":{"allow":["GET"]}}],"collection":[{"href":"https:\/\/oasisfm935.com.ar\/site\/wp-json\/wp\/v2\/posts"}],"about":[{"href":"https:\/\/oasisfm935.com.ar\/site\/wp-json\/wp\/v2\/types\/post"}],"author":[{"embeddable":true,"href":"https:\/\/oasisfm935.com.ar\/site\/wp-json\/wp\/v2\/users\/4"}],"replies":[{"embeddable":true,"href":"https:\/\/oasisfm935.com.ar\/site\/wp-json\/wp\/v2\/comments?post=7333"}],"version-history":[{"count":1,"href":"https:\/\/oasisfm935.com.ar\/site\/wp-json\/wp\/v2\/posts\/7333\/revisions"}],"predecessor-version":[{"id":7335,"href":"https:\/\/oasisfm935.com.ar\/site\/wp-json\/wp\/v2\/posts\/7333\/revisions\/7335"}],"wp:featuredmedia":[{"embeddable":true,"href":"https:\/\/oasisfm935.com.ar\/site\/wp-json\/wp\/v2\/media\/7334"}],"wp:attachment":[{"href":"https:\/\/oasisfm935.com.ar\/site\/wp-json\/wp\/v2\/media?parent=7333"}],"wp:term":[{"taxonomy":"category","embeddable":true,"href":"https:\/\/oasisfm935.com.ar\/site\/wp-json\/wp\/v2\/categories?post=7333"},{"taxonomy":"post_tag","embeddable":true,"href":"https:\/\/oasisfm935.com.ar\/site\/wp-json\/wp\/v2\/tags?post=7333"}],"curies":[{"name":"wp","href":"https:\/\/api.w.org\/{rel}","templated":true}]}}