{"id":7336,"date":"2020-10-11T10:36:34","date_gmt":"2020-10-11T13:36:34","guid":{"rendered":"http:\/\/oasisfm935.com\/site\/?p=7336"},"modified":"2020-10-11T10:41:07","modified_gmt":"2020-10-11T13:41:07","slug":"accidente-fatal-en-la-rn-188-fallecio-un-joven-de-22-anos","status":"publish","type":"post","link":"https:\/\/oasisfm935.com.ar\/site\/accidente-fatal-en-la-rn-188-fallecio-un-joven-de-22-anos\/","title":{"rendered":"Accidente fatal en la RN 188: Falleci\u00f3 un joven de 22 a\u00f1os."},"content":{"rendered":"<p>&nbsp;<\/p>\n<p>El joven se conduc\u00eda a bordo de una motocicleta y falleci\u00f3 producto de un accidente entre las localidades de Rancul y Chamaico.<br \/>\nSi bien aun se investigan las causas, el Comisario Mauricio Gonz\u00e1lez confirm\u00f3 a F.M L\u00edder que \u201ca las 7 de la ma\u00f1ana tomamos conocimiento por un camionero que estaba transitando por la RN188 y que se comunic\u00f3 con el puesto caminero de Chamaic\u00f3, dando cuenta de un aparente accidente de transito ocurrido, aproximadamente a 17 Km al oeste de la localidad de Rancul\u201d.<\/p>\n<p><a href=\"http:\/\/oasisfm935.com\/site\/wp-content\/uploads\/2020\/10\/FB_IMG_1602422991689.jpg\"><img loading=\"lazy\" decoding=\"async\" class=\"alignnone size-full wp-image-7337\" src=\"http:\/\/oasisfm935.com\/site\/wp-content\/uploads\/2020\/10\/FB_IMG_1602422991689.jpg\" alt=\"\" width=\"720\" height=\"960\" srcset=\"https:\/\/oasisfm935.com.ar\/site\/wp-content\/uploads\/2020\/10\/FB_IMG_1602422991689.jpg 720w, https:\/\/oasisfm935.com.ar\/site\/wp-content\/uploads\/2020\/10\/FB_IMG_1602422991689-225x300.jpg 225w\" sizes=\"auto, (max-width: 720px) 100vw, 720px\" \/><\/a><\/p>\n<p>Gonz\u00e1lez especific\u00f3 que \u201cnos constituimos en el lugar donde encontramos a una moto y por causas que se tratan de establecer falleci\u00f3 su conductor\u201d, confirmando que \u201cse trata de un joven del medio de 22 a\u00f1os\u201d.<\/p>\n<p>El Comisario a cargo de la Departamental de Rancul inform\u00f3 adem\u00e1s que \u201cla hora exacta del accidente no la podemos establecer, eso es materia de investigaci\u00f3n pero estamos trabajando en relaci\u00f3n a la direcci\u00f3n hacia donde se dirig\u00eda esta persona\u201d.<\/p>\n<div class=\"oasis-despues-del-contenido\" id=\"oasis-3907434577\"><img loading=\"lazy\" decoding=\"async\" src=\"https:\/\/oasisfm935.com.ar\/site\/wp-content\/uploads\/2020\/08\/47806202-8741-49f2-a5c9-d2f930e5baa1.jpg\" alt=\"\"  srcset=\"https:\/\/oasisfm935.com.ar\/site\/wp-content\/uploads\/2020\/08\/47806202-8741-49f2-a5c9-d2f930e5baa1.jpg 1080w, https:\/\/oasisfm935.com.ar\/site\/wp-content\/uploads\/2020\/08\/47806202-8741-49f2-a5c9-d2f930e5baa1-300x300.jpg 300w, https:\/\/oasisfm935.com.ar\/site\/wp-content\/uploads\/2020\/08\/47806202-8741-49f2-a5c9-d2f930e5baa1-1024x1024.jpg 1024w, https:\/\/oasisfm935.com.ar\/site\/wp-content\/uploads\/2020\/08\/47806202-8741-49f2-a5c9-d2f930e5baa1-150x150.jpg 150w, https:\/\/oasisfm935.com.ar\/site\/wp-content\/uploads\/2020\/08\/47806202-8741-49f2-a5c9-d2f930e5baa1-768x768.jpg 768w\" sizes=\"(max-width: 1080px) 100vw, 1080px\" class=\"no-lazyload\" width=\"1080\" height=\"1080\"  style=\"display: inline-block;\" \/><\/div>","protected":false},"excerpt":{"rendered":"<p>&nbsp; El joven se conduc\u00eda a bordo de una motocicleta y falleci\u00f3 producto de un accidente entre las localidades de Rancul y<\/p>\n","protected":false},"author":4,"featured_media":7338,"comment_status":"closed","ping_status":"open","sticky":false,"template":"","format":"standard","meta":{"colormag_page_layout":"default_layout","footnotes":""},"categories":[2],"tags":[],"class_list":["post-7336","post","type-post","status-publish","format-standard","has-post-thumbnail","hentry","category-noticias"],"_links":{"self":[{"href":"https:\/\/oasisfm935.com.ar\/site\/wp-json\/wp\/v2\/posts\/7336","targetHints":{"allow":["GET"]}}],"collection":[{"href":"https:\/\/oasisfm935.com.ar\/site\/wp-json\/wp\/v2\/posts"}],"about":[{"href":"https:\/\/oasisfm935.com.ar\/site\/wp-json\/wp\/v2\/types\/post"}],"author":[{"embeddable":true,"href":"https:\/\/oasisfm935.com.ar\/site\/wp-json\/wp\/v2\/users\/4"}],"replies":[{"embeddable":true,"href":"https:\/\/oasisfm935.com.ar\/site\/wp-json\/wp\/v2\/comments?post=7336"}],"version-history":[{"count":2,"href":"https:\/\/oasisfm935.com.ar\/site\/wp-json\/wp\/v2\/posts\/7336\/revisions"}],"predecessor-version":[{"id":7341,"href":"https:\/\/oasisfm935.com.ar\/site\/wp-json\/wp\/v2\/posts\/7336\/revisions\/7341"}],"wp:featuredmedia":[{"embeddable":true,"href":"https:\/\/oasisfm935.com.ar\/site\/wp-json\/wp\/v2\/media\/7338"}],"wp:attachment":[{"href":"https:\/\/oasisfm935.com.ar\/site\/wp-json\/wp\/v2\/media?parent=7336"}],"wp:term":[{"taxonomy":"category","embeddable":true,"href":"https:\/\/oasisfm935.com.ar\/site\/wp-json\/wp\/v2\/categories?post=7336"},{"taxonomy":"post_tag","embeddable":true,"href":"https:\/\/oasisfm935.com.ar\/site\/wp-json\/wp\/v2\/tags?post=7336"}],"curies":[{"name":"wp","href":"https:\/\/api.w.org\/{rel}","templated":true}]}}