{"id":7348,"date":"2020-10-11T21:11:02","date_gmt":"2020-10-12T00:11:02","guid":{"rendered":"http:\/\/oasisfm935.com\/site\/?p=7348"},"modified":"2020-10-11T21:11:02","modified_gmt":"2020-10-12T00:11:02","slug":"preocupante-la-pampa-sumo-82-positivos-y-ya-supero-los-mil-casos-de-coronavirus","status":"publish","type":"post","link":"https:\/\/oasisfm935.com.ar\/site\/preocupante-la-pampa-sumo-82-positivos-y-ya-supero-los-mil-casos-de-coronavirus\/","title":{"rendered":"Preocupante: La Pampa sum\u00f3 82 positivos y ya super\u00f3 los mil casos de coronavirus"},"content":{"rendered":"<p>El gobernador\u00a0<strong>Sergio Ziliotto<\/strong>\u00a0y el equipo de salud est\u00e1n preocupados: este domingo hubo un salto de casos de coronavirus con<strong>\u00a082 nuevos contagios<\/strong>. De esta manera ya se acumularon, desde el inicio de la pandemia,\u00a0<strong>1079 contagios<\/strong>\u00a0en La Pampa.<\/p>\n<p>Hoy se analizaron 243 muestras en los laboratorios de la Direcci\u00f3n de Epidemiolog\u00eda y del Establecimiento Asistencial Gobernador Centeno y Lucio Molas, de las cuales 82 resultaron positivas para Covid-19.<\/p>\n<p>De los 82 positivos,<strong>\u00a058 personas tienen residencia en la ciudad de Santa Rosa, 7 en General Pico,4 en Trenel, 3 en Toay, 3 en Quem\u00fa Quem\u00fa, 2 en Winifreda, 2 de Intendente Alvear, 2 en Maisonnave y 1 en Realic\u00f3.<\/strong><\/p>\n<p>Hay un dato que preocupa: de los 82 casos confirmados hoy, 62 se encontraban aislados por haber sido considerados contactos estrechos, mientras que 20 casos contin\u00faan en investigaci\u00f3n epidemiol\u00f3gica. Es decir, hay por el momento 20 casos que no se sabe c\u00f3mo se contagiaron.<\/p>\n<p>Desde el inicio de la pandemia, en La Pampa se registraron un total de 1.079 casos positivos para Covid-19, de los cuales 349 permanecen activos, 11 han fallecido y 719 se han recuperado (entre estos \u00faltimos se encuentran 1 persona de Realic\u00f3, 1 de Santa Rosa, 2 de San Martin, 6 de Winifreda, 10 en Bernardo Larroud\u00e9 y 1 de Benasconi).<\/p>\n<p>Los casos confirmados activos est\u00e1n distribuidos de la siguiente manera:\u00a0<strong>139 en la ciudad de Santa Rosa, 77 en General Pico, 30 en 25 de Mayo, 20 en Toay, 8 en Intendente Alvear, 2 en Bernardo Larroud\u00e9, 31 en Winifreda, 11 en Realic\u00f3, 1 en Bernasconi, 1 en Lonquimay, 3 en Embajador Martini, 2 en Macach\u00edn, 10 en Quem\u00fa Quem\u00fa, 3 en Ingeniero Luiggi, 1 Colonia Bar\u00f3n, 5 en Maisonave y 5 en Trenel<\/strong><\/p>\n<p>Seg\u00fan Salud, al d\u00eda de la fecha se encuentran aisladas un total de 5.260 personas en toda la provincia.<\/p>\n<p>A su vez, se encuentran internadas 25 personas confirmadas para Covid-19. En el Hospital Centeno de General Pico hay 9 pacientes (2 en sala de terapia intensiva y 7 en modulares) y en el Centro Emergente de Asistencia Respiratoria (CEAR) de Santa Rosa se encuentran internadas 16 personas (12 en cl\u00ednica m\u00e9dica y 4 en terapia intensiva).<\/p>\n<p>A su vez, este domingo finalmente las autoridades policiales pudieron dar con el paradero del hombre que se hab\u00eda escapado de un hotel, donde deb\u00eda cumplir aislamiento. Ahora lo relocalizaron para que complete los 14 d\u00edas de aislamiento.<\/p>\n<p>El hombre estaba en un hotel porque hab\u00eda regresado a La Pampa de otra provincia y ten\u00eda que cumplir con el estricto aislamiento. Estuvo dos d\u00edas sin poder ser hallado.<\/p>\n<div class=\"oasis-despues-del-contenido\" id=\"oasis-1959388206\"><img loading=\"lazy\" decoding=\"async\" src=\"https:\/\/oasisfm935.com.ar\/site\/wp-content\/uploads\/2020\/08\/47806202-8741-49f2-a5c9-d2f930e5baa1.jpg\" alt=\"\"  srcset=\"https:\/\/oasisfm935.com.ar\/site\/wp-content\/uploads\/2020\/08\/47806202-8741-49f2-a5c9-d2f930e5baa1.jpg 1080w, https:\/\/oasisfm935.com.ar\/site\/wp-content\/uploads\/2020\/08\/47806202-8741-49f2-a5c9-d2f930e5baa1-300x300.jpg 300w, https:\/\/oasisfm935.com.ar\/site\/wp-content\/uploads\/2020\/08\/47806202-8741-49f2-a5c9-d2f930e5baa1-1024x1024.jpg 1024w, https:\/\/oasisfm935.com.ar\/site\/wp-content\/uploads\/2020\/08\/47806202-8741-49f2-a5c9-d2f930e5baa1-150x150.jpg 150w, https:\/\/oasisfm935.com.ar\/site\/wp-content\/uploads\/2020\/08\/47806202-8741-49f2-a5c9-d2f930e5baa1-768x768.jpg 768w\" sizes=\"(max-width: 1080px) 100vw, 1080px\" class=\"no-lazyload\" width=\"1080\" height=\"1080\"  style=\"display: inline-block;\" \/><\/div>","protected":false},"excerpt":{"rendered":"<p>El gobernador\u00a0Sergio Ziliotto\u00a0y el equipo de salud est\u00e1n preocupados: este domingo hubo un salto de casos de coronavirus con\u00a082 nuevos contagios. De<\/p>\n","protected":false},"author":4,"featured_media":7349,"comment_status":"closed","ping_status":"open","sticky":false,"template":"","format":"standard","meta":{"colormag_page_layout":"default_layout","footnotes":""},"categories":[2],"tags":[],"class_list":["post-7348","post","type-post","status-publish","format-standard","has-post-thumbnail","hentry","category-noticias"],"_links":{"self":[{"href":"https:\/\/oasisfm935.com.ar\/site\/wp-json\/wp\/v2\/posts\/7348","targetHints":{"allow":["GET"]}}],"collection":[{"href":"https:\/\/oasisfm935.com.ar\/site\/wp-json\/wp\/v2\/posts"}],"about":[{"href":"https:\/\/oasisfm935.com.ar\/site\/wp-json\/wp\/v2\/types\/post"}],"author":[{"embeddable":true,"href":"https:\/\/oasisfm935.com.ar\/site\/wp-json\/wp\/v2\/users\/4"}],"replies":[{"embeddable":true,"href":"https:\/\/oasisfm935.com.ar\/site\/wp-json\/wp\/v2\/comments?post=7348"}],"version-history":[{"count":1,"href":"https:\/\/oasisfm935.com.ar\/site\/wp-json\/wp\/v2\/posts\/7348\/revisions"}],"predecessor-version":[{"id":7350,"href":"https:\/\/oasisfm935.com.ar\/site\/wp-json\/wp\/v2\/posts\/7348\/revisions\/7350"}],"wp:featuredmedia":[{"embeddable":true,"href":"https:\/\/oasisfm935.com.ar\/site\/wp-json\/wp\/v2\/media\/7349"}],"wp:attachment":[{"href":"https:\/\/oasisfm935.com.ar\/site\/wp-json\/wp\/v2\/media?parent=7348"}],"wp:term":[{"taxonomy":"category","embeddable":true,"href":"https:\/\/oasisfm935.com.ar\/site\/wp-json\/wp\/v2\/categories?post=7348"},{"taxonomy":"post_tag","embeddable":true,"href":"https:\/\/oasisfm935.com.ar\/site\/wp-json\/wp\/v2\/tags?post=7348"}],"curies":[{"name":"wp","href":"https:\/\/api.w.org\/{rel}","templated":true}]}}