{"id":7359,"date":"2020-10-12T12:01:38","date_gmt":"2020-10-12T15:01:38","guid":{"rendered":"http:\/\/oasisfm935.com\/site\/?p=7359"},"modified":"2020-10-12T12:12:23","modified_gmt":"2020-10-12T15:12:23","slug":"la-pampa-murio-un-hombre-de-realico-que-estaba-internado-por-covid","status":"publish","type":"post","link":"https:\/\/oasisfm935.com.ar\/site\/la-pampa-murio-un-hombre-de-realico-que-estaba-internado-por-covid\/","title":{"rendered":"La Pampa :Muri\u00f3 un hombre de Realic\u00f3 que estaba internado por covid"},"content":{"rendered":"<p>El Gobierno de la Provincia de La Pampa, a trav\u00e9s del Ministerio de Salud, lamenta informar que en el d\u00eda de la fecha se ha producido el fallecimiento de un hombre de 79 a\u00f1os.<\/p>\n<p>El paciente curs\u00f3 10 d\u00edas de internaci\u00f3n. Ten\u00eda residencia en la localidad de Realic\u00f3 y se encontraba internado en el Hospital Modular del Establecimiento Asistencial Gobernador Centeno de General Pico por presentar patolog\u00eda respiratoria COVID positivo. Se trataba de una persona con enfermedades preexistentes.<\/p>\n<div class=\"oasis-despues-del-contenido\" id=\"oasis-2820946576\"><img loading=\"lazy\" decoding=\"async\" src=\"https:\/\/oasisfm935.com.ar\/site\/wp-content\/uploads\/2020\/08\/47806202-8741-49f2-a5c9-d2f930e5baa1.jpg\" alt=\"\"  srcset=\"https:\/\/oasisfm935.com.ar\/site\/wp-content\/uploads\/2020\/08\/47806202-8741-49f2-a5c9-d2f930e5baa1.jpg 1080w, https:\/\/oasisfm935.com.ar\/site\/wp-content\/uploads\/2020\/08\/47806202-8741-49f2-a5c9-d2f930e5baa1-300x300.jpg 300w, https:\/\/oasisfm935.com.ar\/site\/wp-content\/uploads\/2020\/08\/47806202-8741-49f2-a5c9-d2f930e5baa1-1024x1024.jpg 1024w, https:\/\/oasisfm935.com.ar\/site\/wp-content\/uploads\/2020\/08\/47806202-8741-49f2-a5c9-d2f930e5baa1-150x150.jpg 150w, https:\/\/oasisfm935.com.ar\/site\/wp-content\/uploads\/2020\/08\/47806202-8741-49f2-a5c9-d2f930e5baa1-768x768.jpg 768w\" sizes=\"(max-width: 1080px) 100vw, 1080px\" class=\"no-lazyload\" width=\"1080\" height=\"1080\"  style=\"display: inline-block;\" \/><\/div>","protected":false},"excerpt":{"rendered":"<p>El Gobierno de la Provincia de La Pampa, a trav\u00e9s del Ministerio de Salud, lamenta informar que en el d\u00eda de la<\/p>\n","protected":false},"author":4,"featured_media":7360,"comment_status":"closed","ping_status":"open","sticky":false,"template":"","format":"standard","meta":{"colormag_page_layout":"default_layout","footnotes":""},"categories":[2],"tags":[],"class_list":["post-7359","post","type-post","status-publish","format-standard","has-post-thumbnail","hentry","category-noticias"],"_links":{"self":[{"href":"https:\/\/oasisfm935.com.ar\/site\/wp-json\/wp\/v2\/posts\/7359","targetHints":{"allow":["GET"]}}],"collection":[{"href":"https:\/\/oasisfm935.com.ar\/site\/wp-json\/wp\/v2\/posts"}],"about":[{"href":"https:\/\/oasisfm935.com.ar\/site\/wp-json\/wp\/v2\/types\/post"}],"author":[{"embeddable":true,"href":"https:\/\/oasisfm935.com.ar\/site\/wp-json\/wp\/v2\/users\/4"}],"replies":[{"embeddable":true,"href":"https:\/\/oasisfm935.com.ar\/site\/wp-json\/wp\/v2\/comments?post=7359"}],"version-history":[{"count":1,"href":"https:\/\/oasisfm935.com.ar\/site\/wp-json\/wp\/v2\/posts\/7359\/revisions"}],"predecessor-version":[{"id":7361,"href":"https:\/\/oasisfm935.com.ar\/site\/wp-json\/wp\/v2\/posts\/7359\/revisions\/7361"}],"wp:featuredmedia":[{"embeddable":true,"href":"https:\/\/oasisfm935.com.ar\/site\/wp-json\/wp\/v2\/media\/7360"}],"wp:attachment":[{"href":"https:\/\/oasisfm935.com.ar\/site\/wp-json\/wp\/v2\/media?parent=7359"}],"wp:term":[{"taxonomy":"category","embeddable":true,"href":"https:\/\/oasisfm935.com.ar\/site\/wp-json\/wp\/v2\/categories?post=7359"},{"taxonomy":"post_tag","embeddable":true,"href":"https:\/\/oasisfm935.com.ar\/site\/wp-json\/wp\/v2\/tags?post=7359"}],"curies":[{"name":"wp","href":"https:\/\/api.w.org\/{rel}","templated":true}]}}