{"id":7363,"date":"2020-10-12T13:42:09","date_gmt":"2020-10-12T16:42:09","guid":{"rendered":"http:\/\/oasisfm935.com\/site\/?p=7363"},"modified":"2020-10-12T13:42:09","modified_gmt":"2020-10-12T16:42:09","slug":"confirman-dos-muertos-mas-con-coronavirus-en-la-pampa-y-ya-son-tres-el-dia-de-hoy","status":"publish","type":"post","link":"https:\/\/oasisfm935.com.ar\/site\/confirman-dos-muertos-mas-con-coronavirus-en-la-pampa-y-ya-son-tres-el-dia-de-hoy\/","title":{"rendered":"Confirman dos muertos m\u00e1s con coronavirus en La Pampa y ya son tres el d\u00eda de hoy"},"content":{"rendered":"<p>El Gobierno de la Provincia de La Pampa, a trav\u00e9s del Ministerio de Salud, lamenta informar que en el d\u00eda de la fecha se produjo el fallecimiento de dos hombres de 64 a\u00f1os y 71 a\u00f1os.<\/p>\n<h2>Salud confirma el fallecimiento de un paciente de Toay<\/h2>\n<p>Salud confirma el fallecimiento de un hombre de 64 a\u00f1os, luego de cursar 6 d\u00edas de internaci\u00f3n. El paciente resid\u00eda en la localidad de Toay y se encontraba internado en sala de terapia intensiva del Centro Emergente de Enfermedades Respiratorias (CEAR) de Santa Rosa por presentar patolog\u00eda respiratoria COVID-19 positivo. Se trataba de un paciente con enfermedades preexistentes.<\/p>\n<h2>Salud confirma el fallecimiento de un paciente de Lonquimay<\/h2>\n<p>Por otro lado el Gobierno inform\u00f3 el fallecimiento de una persona de sexo masculino, de 71 a\u00f1os, luego de cursar 12 d\u00edas de internaci\u00f3n.<\/p>\n<p>El paciente resid\u00eda en la localidad de Lonquimay y se encontraba internado en sala de terapia intensiva del Centro Emergente de Enfermedades Respiratorias (CEAR) de Santa Rosa por presentar patolog\u00eda respiratoria COVID-19 positivo. Se trataba de un paciente con enfermedades preexistentes.<\/p>\n<div class=\"oasis-despues-del-contenido\" id=\"oasis-1647213687\"><img loading=\"lazy\" decoding=\"async\" src=\"https:\/\/oasisfm935.com.ar\/site\/wp-content\/uploads\/2020\/08\/47806202-8741-49f2-a5c9-d2f930e5baa1.jpg\" alt=\"\"  srcset=\"https:\/\/oasisfm935.com.ar\/site\/wp-content\/uploads\/2020\/08\/47806202-8741-49f2-a5c9-d2f930e5baa1.jpg 1080w, https:\/\/oasisfm935.com.ar\/site\/wp-content\/uploads\/2020\/08\/47806202-8741-49f2-a5c9-d2f930e5baa1-300x300.jpg 300w, https:\/\/oasisfm935.com.ar\/site\/wp-content\/uploads\/2020\/08\/47806202-8741-49f2-a5c9-d2f930e5baa1-1024x1024.jpg 1024w, https:\/\/oasisfm935.com.ar\/site\/wp-content\/uploads\/2020\/08\/47806202-8741-49f2-a5c9-d2f930e5baa1-150x150.jpg 150w, https:\/\/oasisfm935.com.ar\/site\/wp-content\/uploads\/2020\/08\/47806202-8741-49f2-a5c9-d2f930e5baa1-768x768.jpg 768w\" sizes=\"(max-width: 1080px) 100vw, 1080px\" class=\"no-lazyload\" width=\"1080\" height=\"1080\"  style=\"display: inline-block;\" \/><\/div>","protected":false},"excerpt":{"rendered":"<p>El Gobierno de la Provincia de La Pampa, a trav\u00e9s del Ministerio de Salud, lamenta informar que en el d\u00eda de la<\/p>\n","protected":false},"author":4,"featured_media":7364,"comment_status":"closed","ping_status":"open","sticky":false,"template":"","format":"standard","meta":{"colormag_page_layout":"default_layout","footnotes":""},"categories":[2],"tags":[],"class_list":["post-7363","post","type-post","status-publish","format-standard","has-post-thumbnail","hentry","category-noticias"],"_links":{"self":[{"href":"https:\/\/oasisfm935.com.ar\/site\/wp-json\/wp\/v2\/posts\/7363","targetHints":{"allow":["GET"]}}],"collection":[{"href":"https:\/\/oasisfm935.com.ar\/site\/wp-json\/wp\/v2\/posts"}],"about":[{"href":"https:\/\/oasisfm935.com.ar\/site\/wp-json\/wp\/v2\/types\/post"}],"author":[{"embeddable":true,"href":"https:\/\/oasisfm935.com.ar\/site\/wp-json\/wp\/v2\/users\/4"}],"replies":[{"embeddable":true,"href":"https:\/\/oasisfm935.com.ar\/site\/wp-json\/wp\/v2\/comments?post=7363"}],"version-history":[{"count":1,"href":"https:\/\/oasisfm935.com.ar\/site\/wp-json\/wp\/v2\/posts\/7363\/revisions"}],"predecessor-version":[{"id":7365,"href":"https:\/\/oasisfm935.com.ar\/site\/wp-json\/wp\/v2\/posts\/7363\/revisions\/7365"}],"wp:featuredmedia":[{"embeddable":true,"href":"https:\/\/oasisfm935.com.ar\/site\/wp-json\/wp\/v2\/media\/7364"}],"wp:attachment":[{"href":"https:\/\/oasisfm935.com.ar\/site\/wp-json\/wp\/v2\/media?parent=7363"}],"wp:term":[{"taxonomy":"category","embeddable":true,"href":"https:\/\/oasisfm935.com.ar\/site\/wp-json\/wp\/v2\/categories?post=7363"},{"taxonomy":"post_tag","embeddable":true,"href":"https:\/\/oasisfm935.com.ar\/site\/wp-json\/wp\/v2\/tags?post=7363"}],"curies":[{"name":"wp","href":"https:\/\/api.w.org\/{rel}","templated":true}]}}