{"id":7382,"date":"2020-10-12T20:23:35","date_gmt":"2020-10-12T23:23:35","guid":{"rendered":"http:\/\/oasisfm935.com\/site\/?p=7382"},"modified":"2020-10-12T20:23:35","modified_gmt":"2020-10-12T23:23:35","slug":"la-pampa-covid-19-ingeniero-luiggi-suma-un-caso-mas-y-ya-son-4-los-casos-positivos-en-la-localidad","status":"publish","type":"post","link":"https:\/\/oasisfm935.com.ar\/site\/la-pampa-covid-19-ingeniero-luiggi-suma-un-caso-mas-y-ya-son-4-los-casos-positivos-en-la-localidad\/","title":{"rendered":"La Pampa COVID-19: Ingeniero Luiggi suma un caso mas y ya son 4 los casos positivos en la localidad."},"content":{"rendered":"<p>De ellos, 31 hab\u00edan sido determinados como contactos estrechos y 6 casos contin\u00faan en investigaci\u00f3n. Al d\u00eda de la fecha, en la Provincia, hay 5.293 personas aisladas.<\/p>\n<p>El Gobierno de la Provincia de La Pampa, a trav\u00e9s del Ministerio de Salud, comunic\u00f3 que en horas de la tarde del d\u00eda 12 de octubre se finaliz\u00f3 con el procesamiento de 172 muestras en los laboratorios de la Direcci\u00f3n de Epidemiolog\u00eda y del Establecimiento Asistencial Gobernador Centeno y Lucio Molas, de las cuales 37 resultaron positivas para COVID-19.\u00a0 De ellas 14 personas residen en la ciudad de Santa Rosa, 16 en General Pico, 1 en Trenel, 4 en Toay, 1 en Ingeniero Luiggi y 1 en Guatrach\u00e9.\u00a0 De los 37 casos confirmados en el d\u00eda de hoy, 31 se encontraban aislados por ser considerados contactos estrechos, mientras que 6 casos contin\u00faan en investigaci\u00f3n epidemiol\u00f3gica.<\/p>\n<p><strong>Situaci\u00f3n provincial:<\/strong><br \/>\nDesde el inicio de la pandemia, en La Pampa, se registraron un total de 1.116\u00a0 casos positivos para COVID-19, de los cuales 358 permanecen activos, 14 han fallecido y 744 se han recuperado, entre estos \u00faltimos se encuentran 3 personas\u00a0 de Realic\u00f3, 6 de Santa Rosa, 2 de Winifreda, 1 en Bernardo Larroud\u00e9, 2\u00a0 de Embajador Martini,\u00a0 6 de 25 de Mayo, 2 de Toay, 2 de General Pico y 1 de Intendente Alvear. Los casos confirmados activos est\u00e1n distribuidos de la siguiente manera: 147 en la ciudad de Santa Rosa, 91 en General Pico, 24 en 25 de Mayo, 21 en Toay, 7 en Intendente Alvear, 1 en Bernardo Larroud\u00e9, 29 en Winifreda, 7 en Realic\u00f3, 1 en Bernasconi, 1 en Embajador Martini, 2 en Macach\u00edn, 10 en Quem\u00fa Quem\u00fa, 4 en Ingeniero Luiggi, 1 Colonia Bar\u00f3n, 5 en Maisonnave, 1 en Guatrach\u00e9 y 6 en Trenel.<\/p>\n<p>Al d\u00eda de la fecha se encuentran aisladas un total de 5.293 personas en toda la Provincia.<\/p>\n<p>Se encuentran internadas 25 personas confirmadas para COVID-19. En General Pico 9 pacientes, de ellos 2 en sala de terapia intensiva y 7 en modulares. En el Centro Emergente de Asistencia Respiratoria (CEAR) de Santa Rosa se encuentran internadas 16 personas, de ellas 12 en cl\u00ednica m\u00e9dica y 4 en sala de terapia intensiva.<\/p>\n<div class=\"oasis-despues-del-contenido\" id=\"oasis-3433086151\"><img loading=\"lazy\" decoding=\"async\" src=\"https:\/\/oasisfm935.com.ar\/site\/wp-content\/uploads\/2020\/08\/47806202-8741-49f2-a5c9-d2f930e5baa1.jpg\" alt=\"\"  srcset=\"https:\/\/oasisfm935.com.ar\/site\/wp-content\/uploads\/2020\/08\/47806202-8741-49f2-a5c9-d2f930e5baa1.jpg 1080w, https:\/\/oasisfm935.com.ar\/site\/wp-content\/uploads\/2020\/08\/47806202-8741-49f2-a5c9-d2f930e5baa1-300x300.jpg 300w, https:\/\/oasisfm935.com.ar\/site\/wp-content\/uploads\/2020\/08\/47806202-8741-49f2-a5c9-d2f930e5baa1-1024x1024.jpg 1024w, https:\/\/oasisfm935.com.ar\/site\/wp-content\/uploads\/2020\/08\/47806202-8741-49f2-a5c9-d2f930e5baa1-150x150.jpg 150w, https:\/\/oasisfm935.com.ar\/site\/wp-content\/uploads\/2020\/08\/47806202-8741-49f2-a5c9-d2f930e5baa1-768x768.jpg 768w\" sizes=\"(max-width: 1080px) 100vw, 1080px\" class=\"no-lazyload\" width=\"1080\" height=\"1080\"  style=\"display: inline-block;\" \/><\/div>","protected":false},"excerpt":{"rendered":"<p>De ellos, 31 hab\u00edan sido determinados como contactos estrechos y 6 casos contin\u00faan en investigaci\u00f3n. Al d\u00eda de la fecha, en la<\/p>\n","protected":false},"author":4,"featured_media":7383,"comment_status":"closed","ping_status":"open","sticky":false,"template":"","format":"standard","meta":{"colormag_page_layout":"default_layout","footnotes":""},"categories":[2],"tags":[],"class_list":["post-7382","post","type-post","status-publish","format-standard","has-post-thumbnail","hentry","category-noticias"],"_links":{"self":[{"href":"https:\/\/oasisfm935.com.ar\/site\/wp-json\/wp\/v2\/posts\/7382","targetHints":{"allow":["GET"]}}],"collection":[{"href":"https:\/\/oasisfm935.com.ar\/site\/wp-json\/wp\/v2\/posts"}],"about":[{"href":"https:\/\/oasisfm935.com.ar\/site\/wp-json\/wp\/v2\/types\/post"}],"author":[{"embeddable":true,"href":"https:\/\/oasisfm935.com.ar\/site\/wp-json\/wp\/v2\/users\/4"}],"replies":[{"embeddable":true,"href":"https:\/\/oasisfm935.com.ar\/site\/wp-json\/wp\/v2\/comments?post=7382"}],"version-history":[{"count":1,"href":"https:\/\/oasisfm935.com.ar\/site\/wp-json\/wp\/v2\/posts\/7382\/revisions"}],"predecessor-version":[{"id":7384,"href":"https:\/\/oasisfm935.com.ar\/site\/wp-json\/wp\/v2\/posts\/7382\/revisions\/7384"}],"wp:featuredmedia":[{"embeddable":true,"href":"https:\/\/oasisfm935.com.ar\/site\/wp-json\/wp\/v2\/media\/7383"}],"wp:attachment":[{"href":"https:\/\/oasisfm935.com.ar\/site\/wp-json\/wp\/v2\/media?parent=7382"}],"wp:term":[{"taxonomy":"category","embeddable":true,"href":"https:\/\/oasisfm935.com.ar\/site\/wp-json\/wp\/v2\/categories?post=7382"},{"taxonomy":"post_tag","embeddable":true,"href":"https:\/\/oasisfm935.com.ar\/site\/wp-json\/wp\/v2\/tags?post=7382"}],"curies":[{"name":"wp","href":"https:\/\/api.w.org\/{rel}","templated":true}]}}