{"id":7397,"date":"2020-10-13T18:51:32","date_gmt":"2020-10-13T21:51:32","guid":{"rendered":"http:\/\/oasisfm935.com\/site\/?p=7397"},"modified":"2020-10-13T18:51:32","modified_gmt":"2020-10-13T21:51:32","slug":"no-incurri-en-ningun-delito-mas-que-ser-la-primera-covid-positivo-en-ing-luiggi","status":"publish","type":"post","link":"https:\/\/oasisfm935.com.ar\/site\/no-incurri-en-ningun-delito-mas-que-ser-la-primera-covid-positivo-en-ing-luiggi\/","title":{"rendered":"\u00abNo incurr\u00ed en ning\u00fan delito, m\u00e1s que ser la primera covid positivo en Ing. Luiggi\u00bb"},"content":{"rendered":"<p>La joven Marianela Chiaraluce, quien se desempe\u00f1a al frente del \u00e1rea de Juventud Municipal, decidi\u00f3 manifestarse a trav\u00e9s de un posteo en facebook donde dej\u00f3 en claro \u00ab<strong>no incurr\u00ed en ning\u00fan delito, m\u00e1s que el de ser la primera Covid positivo de Ingeniero Luiggi\u00bb.<\/strong><\/p>\n<blockquote class=\"wp-block-quote\"><p>La joven expres\u00f3 en un posteo de Facebook: \u00abante distintos comentarios maliciosos, malintencionados, quiero expresar que no estuve en ninguna fiesta clandestina, no incurr\u00ed en ning\u00fan delito, m\u00e1s que el de ser la primera Covid positivo de Ingeniero Luigi\u00bb.<\/p><\/blockquote>\n<p><strong>\u00bb No soy culpable de esta pandemia. Los lugares p\u00fablicos y la circulacion en la provincia est\u00e1n abiertos. Repito no incurr\u00ed en nada fuera de la legalidad. Ojal\u00e1 que toda la gente que est\u00e1 hablando haci\u00e9ndole mal a mi familia y a m\u00ed, nunca tengan que pasar por esta penosa situaci\u00f3n\u00bb,<\/strong>\u00a0agreg\u00f3 la joven, molesta con algunos comentarios.<\/p>\n<p>Por \u00faltimo agradeci\u00f3 a quienes la est\u00e1n acompa\u00f1ando a transitar estos d\u00edas de aislamiento con mensajes y muestras de afecto.<\/p>\n<p><strong>\u00abA todos los que sinceramente me hicieron llegar sus buenos deseos les agradezco enormemente. Esta enfermedad me ha producido muchos dolores f\u00edsicos pero sobre todo emocionales\u00bb<\/strong>,concluy\u00f3.<\/p>\n<div class=\"oasis-despues-del-contenido\" id=\"oasis-370583710\"><img loading=\"lazy\" decoding=\"async\" src=\"https:\/\/oasisfm935.com.ar\/site\/wp-content\/uploads\/2020\/08\/47806202-8741-49f2-a5c9-d2f930e5baa1.jpg\" alt=\"\"  srcset=\"https:\/\/oasisfm935.com.ar\/site\/wp-content\/uploads\/2020\/08\/47806202-8741-49f2-a5c9-d2f930e5baa1.jpg 1080w, https:\/\/oasisfm935.com.ar\/site\/wp-content\/uploads\/2020\/08\/47806202-8741-49f2-a5c9-d2f930e5baa1-300x300.jpg 300w, https:\/\/oasisfm935.com.ar\/site\/wp-content\/uploads\/2020\/08\/47806202-8741-49f2-a5c9-d2f930e5baa1-1024x1024.jpg 1024w, https:\/\/oasisfm935.com.ar\/site\/wp-content\/uploads\/2020\/08\/47806202-8741-49f2-a5c9-d2f930e5baa1-150x150.jpg 150w, https:\/\/oasisfm935.com.ar\/site\/wp-content\/uploads\/2020\/08\/47806202-8741-49f2-a5c9-d2f930e5baa1-768x768.jpg 768w\" sizes=\"(max-width: 1080px) 100vw, 1080px\" class=\"no-lazyload\" width=\"1080\" height=\"1080\"  style=\"display: inline-block;\" \/><\/div>","protected":false},"excerpt":{"rendered":"<p>La joven Marianela Chiaraluce, quien se desempe\u00f1a al frente del \u00e1rea de Juventud Municipal, decidi\u00f3 manifestarse a trav\u00e9s de un posteo en<\/p>\n","protected":false},"author":4,"featured_media":7398,"comment_status":"closed","ping_status":"open","sticky":false,"template":"","format":"standard","meta":{"colormag_page_layout":"default_layout","footnotes":""},"categories":[2],"tags":[],"class_list":["post-7397","post","type-post","status-publish","format-standard","has-post-thumbnail","hentry","category-noticias"],"_links":{"self":[{"href":"https:\/\/oasisfm935.com.ar\/site\/wp-json\/wp\/v2\/posts\/7397","targetHints":{"allow":["GET"]}}],"collection":[{"href":"https:\/\/oasisfm935.com.ar\/site\/wp-json\/wp\/v2\/posts"}],"about":[{"href":"https:\/\/oasisfm935.com.ar\/site\/wp-json\/wp\/v2\/types\/post"}],"author":[{"embeddable":true,"href":"https:\/\/oasisfm935.com.ar\/site\/wp-json\/wp\/v2\/users\/4"}],"replies":[{"embeddable":true,"href":"https:\/\/oasisfm935.com.ar\/site\/wp-json\/wp\/v2\/comments?post=7397"}],"version-history":[{"count":1,"href":"https:\/\/oasisfm935.com.ar\/site\/wp-json\/wp\/v2\/posts\/7397\/revisions"}],"predecessor-version":[{"id":7399,"href":"https:\/\/oasisfm935.com.ar\/site\/wp-json\/wp\/v2\/posts\/7397\/revisions\/7399"}],"wp:featuredmedia":[{"embeddable":true,"href":"https:\/\/oasisfm935.com.ar\/site\/wp-json\/wp\/v2\/media\/7398"}],"wp:attachment":[{"href":"https:\/\/oasisfm935.com.ar\/site\/wp-json\/wp\/v2\/media?parent=7397"}],"wp:term":[{"taxonomy":"category","embeddable":true,"href":"https:\/\/oasisfm935.com.ar\/site\/wp-json\/wp\/v2\/categories?post=7397"},{"taxonomy":"post_tag","embeddable":true,"href":"https:\/\/oasisfm935.com.ar\/site\/wp-json\/wp\/v2\/tags?post=7397"}],"curies":[{"name":"wp","href":"https:\/\/api.w.org\/{rel}","templated":true}]}}