{"id":740,"date":"2019-02-11T16:15:25","date_gmt":"2019-02-11T19:15:25","guid":{"rendered":"http:\/\/oasisfm935.com\/site\/?p=740"},"modified":"2019-02-11T16:15:25","modified_gmt":"2019-02-11T19:15:25","slug":"nuevo-caso-de-violencia-de-genero-en-ing-luiggi","status":"publish","type":"post","link":"https:\/\/oasisfm935.com.ar\/site\/nuevo-caso-de-violencia-de-genero-en-ing-luiggi\/","title":{"rendered":"Nuevo caso de violencia de g\u00e9nero en Ing. Luiggi"},"content":{"rendered":"<div class=\"itemIntroText\">\n<p><strong>En lo que va del 2019, ya se registraron cinco causas por violencia de g\u00e9nero en Ingeniero Luiggi. El \u00faltimo caso se registr\u00f3 la semana pasada.<\/strong><\/p>\n<\/div>\n<div class=\"itemFullText\">\n<p>Seg\u00fan lo confirmado por\u00a0<strong>Zonal Noticias<\/strong>\u00a0ante la palabra del\u00a0<strong>Oficial Principal\u00a0N\u00e9stor Andr\u00e9s Klundt<\/strong>,encargado en forma temporal de la Comisar\u00eda Departamental de esta localidad,\u00a0<strong>el\u00a0 viernes recibieron una denuncia por violencia de g\u00e9nero radicada por una mujer de 34 a\u00f1os edad con domicilio en esta localidad.<\/strong><\/p>\n<p><strong>La mujer mantuvo una relaci\u00f3n de\u00a0pareja con un hombre del medio por aproximadamente 6 a\u00f1os, y tuvo con el sujto un hijo de dos semanas de vida.<\/strong><\/p>\n<blockquote><p>\u201cEn la madrugada del d\u00eda jueves, el hombre se present\u00f3 en el inmueble de damnificada, aparentemente en estado de intoxicaci\u00f3n. All\u00ed la sujet\u00f3 del\u00a0 cuello y la insult\u00f3, mientras esgrim\u00eda una cuchilla (seg\u00fan relatos de la denunciante)\u201d, inform\u00f3 el oficial principal.<\/p><\/blockquote>\n<p>\u201cAnte la denuncia recibida por los oficiales, la fiscal\u00eda de delitos de Violencia de G\u00e9nero y Familia de la Segunda Circunscripci\u00f3n con asiento en la ciudad General Pico, a cargo del Dr. Luciano Rebecchi, dispuso que se proceda a la\u00a0<strong>demora<\/strong>\u00a0y\u00a0<strong>posterior detenci\u00f3n<\/strong>, del presunto imputado, el cual prest\u00f3 declaraci\u00f3n indagatoria en\u00a0 sede de Tribunales de General Pico, imponi\u00e9ndole el Juez de Control, Dr. Alejandro Gilardenghi,<strong>\u00a0una prisi\u00f3n preventiva por 90 d\u00edas corridos\u201d,<\/strong>\u00a0explic\u00f3 el encargado policial.<\/p>\n<blockquote><p>\u201cAsimismo, en la misma causa, el mencionado Juzgado orden\u00f3 un allanamiento para la vivienda ubicada en calle Alberdi, donde reside el denunciado, con el fin de buscar armas de fuegos y\/o elementos similares, dado que la denunciante tambi\u00e9n manifest\u00f3 que su expareja (ahora imputado) tendr\u00eda en su poder armas de este tipo, por lo que se llev\u00f3 a cabo el mismo, por personal policial de esta localidad, no pudendo hallar armas o elementos secuestrables en la causa\u201d confirm\u00f3 Klundt.<\/p><\/blockquote>\n<hr \/>\n<p><strong>Estad\u00edsticas de casos\u00a0<\/strong><\/p>\n<blockquote><p>Seg\u00fan datos brindados por la comisar\u00eda de Ingeniero Luiggi a cargo del Comisario Leandro Ernst,<strong>\u00a0en lo que va del a\u00f1o 2019, ya se registraron cinco causas por violencia de g\u00e9nero,<\/strong>\u00a0en tanto el a\u00f1o pasado, llegaron a registrarse\u00a0<strong>veintiocho causas,<\/strong>\u00a0de las cuales en su mayor\u00eda terminaron con imputados demorados y detenidos.<\/p><\/blockquote>\n<\/div>\n<p>Fuente: zonal Noticias<\/p>\n<div class=\"oasis-despues-del-contenido\" id=\"oasis-3291780669\"><img loading=\"lazy\" decoding=\"async\" src=\"https:\/\/oasisfm935.com.ar\/site\/wp-content\/uploads\/2020\/08\/47806202-8741-49f2-a5c9-d2f930e5baa1.jpg\" alt=\"\"  srcset=\"https:\/\/oasisfm935.com.ar\/site\/wp-content\/uploads\/2020\/08\/47806202-8741-49f2-a5c9-d2f930e5baa1.jpg 1080w, https:\/\/oasisfm935.com.ar\/site\/wp-content\/uploads\/2020\/08\/47806202-8741-49f2-a5c9-d2f930e5baa1-300x300.jpg 300w, https:\/\/oasisfm935.com.ar\/site\/wp-content\/uploads\/2020\/08\/47806202-8741-49f2-a5c9-d2f930e5baa1-1024x1024.jpg 1024w, https:\/\/oasisfm935.com.ar\/site\/wp-content\/uploads\/2020\/08\/47806202-8741-49f2-a5c9-d2f930e5baa1-150x150.jpg 150w, https:\/\/oasisfm935.com.ar\/site\/wp-content\/uploads\/2020\/08\/47806202-8741-49f2-a5c9-d2f930e5baa1-768x768.jpg 768w\" sizes=\"(max-width: 1080px) 100vw, 1080px\" class=\"no-lazyload\" width=\"1080\" height=\"1080\"  style=\"display: inline-block;\" \/><\/div>","protected":false},"excerpt":{"rendered":"<p>En lo que va del 2019, ya se registraron cinco causas por violencia de g\u00e9nero en Ingeniero Luiggi. El \u00faltimo caso se<\/p>\n","protected":false},"author":4,"featured_media":307,"comment_status":"closed","ping_status":"open","sticky":false,"template":"","format":"standard","meta":{"colormag_page_layout":"default_layout","footnotes":""},"categories":[2],"tags":[],"class_list":["post-740","post","type-post","status-publish","format-standard","has-post-thumbnail","hentry","category-noticias"],"_links":{"self":[{"href":"https:\/\/oasisfm935.com.ar\/site\/wp-json\/wp\/v2\/posts\/740","targetHints":{"allow":["GET"]}}],"collection":[{"href":"https:\/\/oasisfm935.com.ar\/site\/wp-json\/wp\/v2\/posts"}],"about":[{"href":"https:\/\/oasisfm935.com.ar\/site\/wp-json\/wp\/v2\/types\/post"}],"author":[{"embeddable":true,"href":"https:\/\/oasisfm935.com.ar\/site\/wp-json\/wp\/v2\/users\/4"}],"replies":[{"embeddable":true,"href":"https:\/\/oasisfm935.com.ar\/site\/wp-json\/wp\/v2\/comments?post=740"}],"version-history":[{"count":1,"href":"https:\/\/oasisfm935.com.ar\/site\/wp-json\/wp\/v2\/posts\/740\/revisions"}],"predecessor-version":[{"id":741,"href":"https:\/\/oasisfm935.com.ar\/site\/wp-json\/wp\/v2\/posts\/740\/revisions\/741"}],"wp:featuredmedia":[{"embeddable":true,"href":"https:\/\/oasisfm935.com.ar\/site\/wp-json\/wp\/v2\/media\/307"}],"wp:attachment":[{"href":"https:\/\/oasisfm935.com.ar\/site\/wp-json\/wp\/v2\/media?parent=740"}],"wp:term":[{"taxonomy":"category","embeddable":true,"href":"https:\/\/oasisfm935.com.ar\/site\/wp-json\/wp\/v2\/categories?post=740"},{"taxonomy":"post_tag","embeddable":true,"href":"https:\/\/oasisfm935.com.ar\/site\/wp-json\/wp\/v2\/tags?post=740"}],"curies":[{"name":"wp","href":"https:\/\/api.w.org\/{rel}","templated":true}]}}