{"id":7401,"date":"2020-10-13T20:48:50","date_gmt":"2020-10-13T23:48:50","guid":{"rendered":"http:\/\/oasisfm935.com\/site\/?p=7401"},"modified":"2020-10-13T20:52:11","modified_gmt":"2020-10-13T23:52:11","slug":"la-pampa-covid-19-ingeniero-luiggi-suma-dos-casos-y-ya-son-6-los-casos-positivos-en-la-localidad","status":"publish","type":"post","link":"https:\/\/oasisfm935.com.ar\/site\/la-pampa-covid-19-ingeniero-luiggi-suma-dos-casos-y-ya-son-6-los-casos-positivos-en-la-localidad\/","title":{"rendered":"La Pampa COVID-19: Ingeniero Luiggi suma dos casos y ya son 6 los casos positivos en la localidad."},"content":{"rendered":"<p>De ellos 38 eran contactos estrechos y 9 casos contin\u00faan en investigaci\u00f3n. En la Provincia, al d\u00eda de la fecha, hay 5.398 personas aisladas.<\/p>\n<p>El Gobierno de la Provincia de La Pampa, a trav\u00e9s del Ministerio de Salud, comunic\u00f3 que en horas de la tarde del d\u00eda 13 de octubre se finaliz\u00f3 con el procesamiento de 164 muestras en los laboratorios de la Direcci\u00f3n de Epidemiolog\u00eda y del Establecimiento Asistencial Gobernador Centeno de General Pico y Lucio Molas de Santa Rosa, de las cuales 47 resultaron positivas para COVID-19.\u00a0 De ellas 27 personas residen en Santa Rosa, 6 en 25 de Mayo, 4 en General Pico, 4 en Trenel, 2 en Ingeniero Luiggi, 1 en Catril\u00f3, 1 en Toay, 1 en Quem\u00fa Quem\u00fa y 1 en La Adela. De los 47 casos confirmados en el d\u00eda de hoy, 38 se encontraban aislados por haber sido considerados contactos estrechos, mientras que 9 casos contin\u00faan en investigaci\u00f3n epidemiol\u00f3gica.<\/p>\n<p><strong>Situaci\u00f3n provincial:<\/strong><\/p>\n<p>Desde el inicio de la pandemia, en La Pampa, se registraron un total de 1.163 casos positivos para COVID-19, de los cuales 392 permanecen activos, 14 han fallecido y 757 se han recuperado, entre estos \u00faltimos se encuentran 3 personas de Santa Rosa, 3 de Quem\u00fa Quem\u00fa, 3 de Winifreda, 2 de Toay, 1 de Embajador Martini y 1 de Bernasconi . Los casos confirmados activos est\u00e1n distribuidos de la siguiente manera: 171 en la ciudad de Santa Rosa, 95 en General Pico, 30 en 25 de Mayo, 26 en Winifreda, 20 en Toay, 10 en Trenel,\u00a0 8 en Quem\u00fa Quem\u00fa, 7 en Intendente Alvear,\u00a0 7 en Realic\u00f3, 6 en Ingeniero Luiggi, 5 en Maisonnave,\u00a0 2 en Macach\u00edn,\u00a0 1 Colonia Bar\u00f3n, 1 en Guatrach\u00e9, 1 en La Adela, 1 en Catril\u00f3 y\u00a0 1 en Bernardo Larroud\u00e9<\/p>\n<p>Al d\u00eda de la fecha se encuentran aisladas un total de 5.398 personas en toda la Provincia.<\/p>\n<p>Se encuentran internados 23 pacientes confirmados para COVID-19. En General Pico 7 pacientes, de ellos 1 en sala de terapia intensiva y 6 en modulares. En el Centro Emergente de Asistencia Respiratoria (CEAR) de Santa Rosa, se encuentran internados 16 pacientes, de ellos 12 en cl\u00ednica m\u00e9dica y 4 en sala de terapia intensiva.<\/p>\n<p><a href=\"http:\/\/oasisfm935.com\/site\/wp-content\/uploads\/2020\/10\/5f8634082e518.jpg\"><img loading=\"lazy\" decoding=\"async\" class=\"alignnone size-full wp-image-7405\" src=\"http:\/\/oasisfm935.com\/site\/wp-content\/uploads\/2020\/10\/5f8634082e518.jpg\" alt=\"\" width=\"1204\" height=\"964\" srcset=\"https:\/\/oasisfm935.com.ar\/site\/wp-content\/uploads\/2020\/10\/5f8634082e518.jpg 1204w, https:\/\/oasisfm935.com.ar\/site\/wp-content\/uploads\/2020\/10\/5f8634082e518-300x240.jpg 300w, https:\/\/oasisfm935.com.ar\/site\/wp-content\/uploads\/2020\/10\/5f8634082e518-1024x820.jpg 1024w, https:\/\/oasisfm935.com.ar\/site\/wp-content\/uploads\/2020\/10\/5f8634082e518-768x615.jpg 768w\" sizes=\"auto, (max-width: 1204px) 100vw, 1204px\" \/><\/a><\/p>\n<div class=\"oasis-despues-del-contenido\" id=\"oasis-3308713414\"><img loading=\"lazy\" decoding=\"async\" src=\"https:\/\/oasisfm935.com.ar\/site\/wp-content\/uploads\/2020\/08\/47806202-8741-49f2-a5c9-d2f930e5baa1.jpg\" alt=\"\"  srcset=\"https:\/\/oasisfm935.com.ar\/site\/wp-content\/uploads\/2020\/08\/47806202-8741-49f2-a5c9-d2f930e5baa1.jpg 1080w, https:\/\/oasisfm935.com.ar\/site\/wp-content\/uploads\/2020\/08\/47806202-8741-49f2-a5c9-d2f930e5baa1-300x300.jpg 300w, https:\/\/oasisfm935.com.ar\/site\/wp-content\/uploads\/2020\/08\/47806202-8741-49f2-a5c9-d2f930e5baa1-1024x1024.jpg 1024w, https:\/\/oasisfm935.com.ar\/site\/wp-content\/uploads\/2020\/08\/47806202-8741-49f2-a5c9-d2f930e5baa1-150x150.jpg 150w, https:\/\/oasisfm935.com.ar\/site\/wp-content\/uploads\/2020\/08\/47806202-8741-49f2-a5c9-d2f930e5baa1-768x768.jpg 768w\" sizes=\"(max-width: 1080px) 100vw, 1080px\" class=\"no-lazyload\" width=\"1080\" height=\"1080\"  style=\"display: inline-block;\" \/><\/div>","protected":false},"excerpt":{"rendered":"<p>De ellos 38 eran contactos estrechos y 9 casos contin\u00faan en investigaci\u00f3n. En la Provincia, al d\u00eda de la fecha, hay 5.398<\/p>\n","protected":false},"author":4,"featured_media":7402,"comment_status":"closed","ping_status":"open","sticky":false,"template":"","format":"standard","meta":{"colormag_page_layout":"default_layout","footnotes":""},"categories":[2],"tags":[],"class_list":["post-7401","post","type-post","status-publish","format-standard","has-post-thumbnail","hentry","category-noticias"],"_links":{"self":[{"href":"https:\/\/oasisfm935.com.ar\/site\/wp-json\/wp\/v2\/posts\/7401","targetHints":{"allow":["GET"]}}],"collection":[{"href":"https:\/\/oasisfm935.com.ar\/site\/wp-json\/wp\/v2\/posts"}],"about":[{"href":"https:\/\/oasisfm935.com.ar\/site\/wp-json\/wp\/v2\/types\/post"}],"author":[{"embeddable":true,"href":"https:\/\/oasisfm935.com.ar\/site\/wp-json\/wp\/v2\/users\/4"}],"replies":[{"embeddable":true,"href":"https:\/\/oasisfm935.com.ar\/site\/wp-json\/wp\/v2\/comments?post=7401"}],"version-history":[{"count":3,"href":"https:\/\/oasisfm935.com.ar\/site\/wp-json\/wp\/v2\/posts\/7401\/revisions"}],"predecessor-version":[{"id":7406,"href":"https:\/\/oasisfm935.com.ar\/site\/wp-json\/wp\/v2\/posts\/7401\/revisions\/7406"}],"wp:featuredmedia":[{"embeddable":true,"href":"https:\/\/oasisfm935.com.ar\/site\/wp-json\/wp\/v2\/media\/7402"}],"wp:attachment":[{"href":"https:\/\/oasisfm935.com.ar\/site\/wp-json\/wp\/v2\/media?parent=7401"}],"wp:term":[{"taxonomy":"category","embeddable":true,"href":"https:\/\/oasisfm935.com.ar\/site\/wp-json\/wp\/v2\/categories?post=7401"},{"taxonomy":"post_tag","embeddable":true,"href":"https:\/\/oasisfm935.com.ar\/site\/wp-json\/wp\/v2\/tags?post=7401"}],"curies":[{"name":"wp","href":"https:\/\/api.w.org\/{rel}","templated":true}]}}