{"id":7407,"date":"2020-10-14T14:48:18","date_gmt":"2020-10-14T17:48:18","guid":{"rendered":"http:\/\/oasisfm935.com\/site\/?p=7407"},"modified":"2020-10-14T15:08:05","modified_gmt":"2020-10-14T18:08:05","slug":"covid-19-ingeniero-luiggi-suma-1-casos-y-ya-son-7-los-casos-positivos-en-la-localidad","status":"publish","type":"post","link":"https:\/\/oasisfm935.com.ar\/site\/covid-19-ingeniero-luiggi-suma-1-casos-y-ya-son-7-los-casos-positivos-en-la-localidad\/","title":{"rendered":"COVID-19: Ingeniero Luiggi suma 1 casos y ya son 7 los casos positivos en la localidad."},"content":{"rendered":"<p>De ellos 35 eran contactos estrechos y 5 casos contin\u00faan en investigaci\u00f3n. En La Pampa, hasta el momento, hay 5.411 personas aisladas.<\/p>\n<p>El Gobierno de la Provincia de La Pampa, a trav\u00e9s del Ministerio de Salud, comunic\u00f3 que en horas de la ma\u00f1ana del d\u00eda 14 de octubre se finaliz\u00f3 con el procesamiento de 166 muestras en los laboratorios de la Direcci\u00f3n de Epidemiolog\u00eda y del Establecimiento Asistencial Gobernador Centeno y Lucio Molas, de las cuales 40 resultaron positivas para COVID-19. De ellas 22 personas residen en Santa Rosa, 8 en General Pico, 4 en Toay, 3 de Winifreda, 1 en Trenel, 1 de Acha y 1 en Ingeniero Luiggi .<\/p>\n<p>De los 40 casos confirmados en el d\u00eda de hoy, 35 se encontraban aislados por haber sido considerados contactos estrechos, mientras que 5 casos contin\u00faan en investigaci\u00f3n epidemiol\u00f3gica.<\/p>\n<p>Situaci\u00f3n provincial:<\/p>\n<p>Desde el inicio de la pandemia, en La Pampa, se registraron un total de 1.203 casos positivos para COVID-19, de los cuales 413 permanecen activos, 14 han fallecido y 776 se han recuperado, entre estos \u00faltimos se encuentran 5 personas de Winifreda, 4 de Santa Rosa, 3 de General Pico, 2 de Realic\u00f3, 2 de Toay, 1 de Quem\u00fa Quem\u00fa, 1 de Intendente Alvear, y 1 de Maisonnave. Los casos confirmados activos est\u00e1n distribuidos de la siguiente manera: 189 en la ciudad de Santa Rosa, 100 en General Pico, 30 en 25 de Mayo, 24 en Winifreda, 22 en Toay, 11 en Trenel, 7 en Quem\u00fa Quem\u00fa, 6 en Intendente Alvear, 5 en Realic\u00f3, 7 en Ingeniero Luiggi, 4 en Maisonnave, 2 en Macach\u00edn, 1 Colonia Bar\u00f3n, 1 en Guatrach\u00e9, 1 en La Adela, 1 en Catril\u00f3, 1 en General Acha y 1 en Bernardo Larroud\u00e9.<\/p>\n<p>Al d\u00eda de la fecha se encuentran aisladas un total de 5.411 personas en toda la Provincia.<\/p>\n<p>Se encuentran internados 25 pacientes confirmados para COVID-19. En General Pico 6 pacientes, de ellos 1 en sala de terapia intensiva y 5 en modulares. En el Centro Emergente de Asistencia Respiratoria (CEAR) de Santa Rosa, se encuentran internados 19 pacientes, de ellos 13 en cl\u00ednica m\u00e9dica y 6 en sala de terapia intensiva.<\/p>\n<div class=\"oasis-despues-del-contenido\" id=\"oasis-1451845251\"><img loading=\"lazy\" decoding=\"async\" src=\"https:\/\/oasisfm935.com.ar\/site\/wp-content\/uploads\/2020\/08\/47806202-8741-49f2-a5c9-d2f930e5baa1.jpg\" alt=\"\"  srcset=\"https:\/\/oasisfm935.com.ar\/site\/wp-content\/uploads\/2020\/08\/47806202-8741-49f2-a5c9-d2f930e5baa1.jpg 1080w, https:\/\/oasisfm935.com.ar\/site\/wp-content\/uploads\/2020\/08\/47806202-8741-49f2-a5c9-d2f930e5baa1-300x300.jpg 300w, https:\/\/oasisfm935.com.ar\/site\/wp-content\/uploads\/2020\/08\/47806202-8741-49f2-a5c9-d2f930e5baa1-1024x1024.jpg 1024w, https:\/\/oasisfm935.com.ar\/site\/wp-content\/uploads\/2020\/08\/47806202-8741-49f2-a5c9-d2f930e5baa1-150x150.jpg 150w, https:\/\/oasisfm935.com.ar\/site\/wp-content\/uploads\/2020\/08\/47806202-8741-49f2-a5c9-d2f930e5baa1-768x768.jpg 768w\" sizes=\"(max-width: 1080px) 100vw, 1080px\" class=\"no-lazyload\" width=\"1080\" height=\"1080\"  style=\"display: inline-block;\" \/><\/div>","protected":false},"excerpt":{"rendered":"<p>De ellos 35 eran contactos estrechos y 5 casos contin\u00faan en investigaci\u00f3n. En La Pampa, hasta el momento, hay 5.411 personas aisladas.<\/p>\n","protected":false},"author":4,"featured_media":7408,"comment_status":"closed","ping_status":"open","sticky":false,"template":"","format":"standard","meta":{"colormag_page_layout":"default_layout","footnotes":""},"categories":[2],"tags":[],"class_list":["post-7407","post","type-post","status-publish","format-standard","has-post-thumbnail","hentry","category-noticias"],"_links":{"self":[{"href":"https:\/\/oasisfm935.com.ar\/site\/wp-json\/wp\/v2\/posts\/7407","targetHints":{"allow":["GET"]}}],"collection":[{"href":"https:\/\/oasisfm935.com.ar\/site\/wp-json\/wp\/v2\/posts"}],"about":[{"href":"https:\/\/oasisfm935.com.ar\/site\/wp-json\/wp\/v2\/types\/post"}],"author":[{"embeddable":true,"href":"https:\/\/oasisfm935.com.ar\/site\/wp-json\/wp\/v2\/users\/4"}],"replies":[{"embeddable":true,"href":"https:\/\/oasisfm935.com.ar\/site\/wp-json\/wp\/v2\/comments?post=7407"}],"version-history":[{"count":4,"href":"https:\/\/oasisfm935.com.ar\/site\/wp-json\/wp\/v2\/posts\/7407\/revisions"}],"predecessor-version":[{"id":7412,"href":"https:\/\/oasisfm935.com.ar\/site\/wp-json\/wp\/v2\/posts\/7407\/revisions\/7412"}],"wp:featuredmedia":[{"embeddable":true,"href":"https:\/\/oasisfm935.com.ar\/site\/wp-json\/wp\/v2\/media\/7408"}],"wp:attachment":[{"href":"https:\/\/oasisfm935.com.ar\/site\/wp-json\/wp\/v2\/media?parent=7407"}],"wp:term":[{"taxonomy":"category","embeddable":true,"href":"https:\/\/oasisfm935.com.ar\/site\/wp-json\/wp\/v2\/categories?post=7407"},{"taxonomy":"post_tag","embeddable":true,"href":"https:\/\/oasisfm935.com.ar\/site\/wp-json\/wp\/v2\/tags?post=7407"}],"curies":[{"name":"wp","href":"https:\/\/api.w.org\/{rel}","templated":true}]}}