{"id":7416,"date":"2020-10-14T20:52:43","date_gmt":"2020-10-14T23:52:43","guid":{"rendered":"http:\/\/oasisfm935.com\/site\/?p=7416"},"modified":"2020-10-14T20:57:50","modified_gmt":"2020-10-14T23:57:50","slug":"la-pampa-covid-19-50-nuevos-casos-ingeniero-luiggi-solo-reporto-1-caso-y-continua-con-7-casos-activos","status":"publish","type":"post","link":"https:\/\/oasisfm935.com.ar\/site\/la-pampa-covid-19-50-nuevos-casos-ingeniero-luiggi-solo-reporto-1-caso-y-continua-con-7-casos-activos\/","title":{"rendered":"La Pampa COVID-19: 50 nuevos casos, Ingeniero Luiggi solo report\u00f3 1 caso y contin\u00faa con 7 casos activos."},"content":{"rendered":"<p>De ellos 39 eran contactos estrechos y 11 contin\u00faan en investigaci\u00f3n. Al momento de este reporte, en La Pampa, hay 5.501 personas aisladas<\/p>\n<p>El Gobierno de la Provincia de La Pampa, a trav\u00e9s del Ministerio de Salud, comunic\u00f3 que en horas de la tarde del d\u00eda 14 de octubre se finaliz\u00f3 con el procesamiento y an\u00e1lisis de 127 muestras en los laboratorios de la Direcci\u00f3n de Epidemiolog\u00eda y del Establecimiento Asistencial Gobernador Centeno y Lucio Molas, de las cuales 50 resultaron positivas para COVID-19.\u00a0 De ellas 29 personas residen en Santa Rosa, 8 en 25 de Mayo, 5 en Trenel, 4 en General Pico, 3 en Quem\u00fa Quem\u00fa, 1 en Toay. De los 50 casos confirmados en el d\u00eda de la fecha 39 se encontraban aislados por ser considerados contactos estrechos, mientras que 11 casos contin\u00faan en investigaci\u00f3n epidemiol\u00f3gica.<\/p>\n<p><strong>B\u00fasqueda Activa<\/strong><\/p>\n<p><strong>General Pico<\/strong>: hoy se realiz\u00f3 el programa de B\u00fasqueda Activa de posibles casos en el barrio Federal de esta ciudad. Se les realiz\u00f3 seguimiento a 759 personas de las cuales 4 presentaban s\u00edntomas compatibles con el virus, fueron hisopadas y se aguardan los resultados pertinentes.<\/p>\n<p><strong>Santa Rosa<\/strong>: desde diversos Centros de Salud se contin\u00faa buscando en el terreno con personas sintom\u00e1ticas compatibles con COVID-19. Hoy se visitaron 175 viviendas y se encuestaron 560 personas, de las cuales 3 presentaron s\u00edntomas y fueron hisopadas.<\/p>\n<p><strong>Situaci\u00f3n provincial:<\/strong><br \/>\nDesde el inicio de la pandemia, en La Pampa, se registraron un total de 1.249 casos positivos para COVID-19, de los cuales 459 permanecen activos, 14 han fallecido y 776 se han recuperado.\u00a0 Los casos confirmados activos est\u00e1n distribuidos de la siguiente manera: 218 en la ciudad de Santa Rosa, 104 en General Pico, 38 en 25 de Mayo, 21 en Winifreda, 23 en Toay, 16 en Trenel, 10 en Quem\u00fa Quem\u00fa, 6 en Intendente Alvear, 5 en Realic\u00f3, 7 en Ingeniero Luiggi, 4 en Maisonnave, 2 en Macach\u00edn, 1 Colonia Bar\u00f3n, 1 en Guatrach\u00e9, 1 en La Adela, 1 en Catril\u00f3, y 1 en Bernardo Larroud\u00e9.<br \/>\nAl d\u00eda de la fecha se encuentran aisladas un total de 5.501 personas en toda la Provincia.<\/p>\n<p>Se encuentran internados 23 pacientes confirmados para COVID-19. En General Pico 7 pacientes, de ellos 1 en sala de terapia intensiva y 6 en modulares. En el Centro Emergente de Asistencia Respiratoria (CEAR) de Santa Rosa, se encuentran internadas 16 personas, de ellas 10 en cl\u00ednica m\u00e9dica y 6 en sala de terapia intensiva.<\/p>\n<div class=\"oasis-despues-del-contenido\" id=\"oasis-1411326730\"><img loading=\"lazy\" decoding=\"async\" src=\"https:\/\/oasisfm935.com.ar\/site\/wp-content\/uploads\/2020\/08\/47806202-8741-49f2-a5c9-d2f930e5baa1.jpg\" alt=\"\"  srcset=\"https:\/\/oasisfm935.com.ar\/site\/wp-content\/uploads\/2020\/08\/47806202-8741-49f2-a5c9-d2f930e5baa1.jpg 1080w, https:\/\/oasisfm935.com.ar\/site\/wp-content\/uploads\/2020\/08\/47806202-8741-49f2-a5c9-d2f930e5baa1-300x300.jpg 300w, https:\/\/oasisfm935.com.ar\/site\/wp-content\/uploads\/2020\/08\/47806202-8741-49f2-a5c9-d2f930e5baa1-1024x1024.jpg 1024w, https:\/\/oasisfm935.com.ar\/site\/wp-content\/uploads\/2020\/08\/47806202-8741-49f2-a5c9-d2f930e5baa1-150x150.jpg 150w, https:\/\/oasisfm935.com.ar\/site\/wp-content\/uploads\/2020\/08\/47806202-8741-49f2-a5c9-d2f930e5baa1-768x768.jpg 768w\" sizes=\"(max-width: 1080px) 100vw, 1080px\" class=\"no-lazyload\" width=\"1080\" height=\"1080\"  style=\"display: inline-block;\" \/><\/div>","protected":false},"excerpt":{"rendered":"<p>De ellos 39 eran contactos estrechos y 11 contin\u00faan en investigaci\u00f3n. Al momento de este reporte, en La Pampa, hay 5.501 personas<\/p>\n","protected":false},"author":4,"featured_media":7417,"comment_status":"closed","ping_status":"open","sticky":false,"template":"","format":"standard","meta":{"colormag_page_layout":"default_layout","footnotes":""},"categories":[2],"tags":[],"class_list":["post-7416","post","type-post","status-publish","format-standard","has-post-thumbnail","hentry","category-noticias"],"_links":{"self":[{"href":"https:\/\/oasisfm935.com.ar\/site\/wp-json\/wp\/v2\/posts\/7416","targetHints":{"allow":["GET"]}}],"collection":[{"href":"https:\/\/oasisfm935.com.ar\/site\/wp-json\/wp\/v2\/posts"}],"about":[{"href":"https:\/\/oasisfm935.com.ar\/site\/wp-json\/wp\/v2\/types\/post"}],"author":[{"embeddable":true,"href":"https:\/\/oasisfm935.com.ar\/site\/wp-json\/wp\/v2\/users\/4"}],"replies":[{"embeddable":true,"href":"https:\/\/oasisfm935.com.ar\/site\/wp-json\/wp\/v2\/comments?post=7416"}],"version-history":[{"count":4,"href":"https:\/\/oasisfm935.com.ar\/site\/wp-json\/wp\/v2\/posts\/7416\/revisions"}],"predecessor-version":[{"id":7421,"href":"https:\/\/oasisfm935.com.ar\/site\/wp-json\/wp\/v2\/posts\/7416\/revisions\/7421"}],"wp:featuredmedia":[{"embeddable":true,"href":"https:\/\/oasisfm935.com.ar\/site\/wp-json\/wp\/v2\/media\/7417"}],"wp:attachment":[{"href":"https:\/\/oasisfm935.com.ar\/site\/wp-json\/wp\/v2\/media?parent=7416"}],"wp:term":[{"taxonomy":"category","embeddable":true,"href":"https:\/\/oasisfm935.com.ar\/site\/wp-json\/wp\/v2\/categories?post=7416"},{"taxonomy":"post_tag","embeddable":true,"href":"https:\/\/oasisfm935.com.ar\/site\/wp-json\/wp\/v2\/tags?post=7416"}],"curies":[{"name":"wp","href":"https:\/\/api.w.org\/{rel}","templated":true}]}}