{"id":742,"date":"2019-02-12T10:21:51","date_gmt":"2019-02-12T13:21:51","guid":{"rendered":"http:\/\/oasisfm935.com\/site\/?p=742"},"modified":"2019-02-12T10:21:51","modified_gmt":"2019-02-12T13:21:51","slug":"con-demoras-de-meses-nacion-empezo-la-pavimentacion-de-dos-alteos-de-la-ruta-35","status":"publish","type":"post","link":"https:\/\/oasisfm935.com.ar\/site\/con-demoras-de-meses-nacion-empezo-la-pavimentacion-de-dos-alteos-de-la-ruta-35\/","title":{"rendered":"Con demoras de meses, Naci\u00f3n empez\u00f3 la pavimentaci\u00f3n de dos alteos de la ruta 35"},"content":{"rendered":"<p>&nbsp;<\/p>\n<p>Pasaron casi\u00a0<strong>dos a\u00f1os<\/strong>\u00a0y finalmente en las \u00faltimas horas<strong>\u00a0comenzaron las tareas de pavimentaci\u00f3n de los dos alteos de la ruta nacional 35<\/strong>, que se tuvieron que construir luego de las<strong>inundaciones de 2017<\/strong>. Era un viejo reclamo de las autoridades y vecinos de Castex, Embajador Martini y localidades vecina<strong>s: esos tramos est\u00e1n poceados y son un peligro para la seguridad vial.<\/strong><\/p>\n<p>En rigor ayer comenzaron los trabajos de pavimentaci\u00f3n en el alteo de Castex, entre los kil\u00f3metros 387 y 388, de unos<strong>\u00a0700 metros de largo<\/strong>. En los pr\u00f3ximos d\u00edas se avanzar\u00e1 con el otro terrapl\u00e9n ubicado en Embajador Martini, entre los kil\u00f3metros 461 y 463, de 1600 metros.<\/p>\n<p>Las tareas\u00a0<strong>demorar\u00e1n un mes.<\/strong>\u00a0El desarrollo de los trabajos se llevar\u00e1 a cabo habilitando media calzada para el tr\u00e1nsito.<\/p>\n<p>El proyecto incluye, adem\u00e1s, el retiro y recambio de las barandas de seguridad y la colocaci\u00f3n de una<strong>doble capa asf\u00e1ltica.<\/strong><\/p>\n<p>En 2017, la ruta nacional 35 permaneci\u00f3 cortada durante varios meses a ra\u00edz de las intensas lluvias que provocaron graves inundaciones. Las demoras de Vialidad Nacional dejaron a pueblos aislados, aunque luego pudieron hacer los terraplenes. Pero no los asfaltaron hasta ahora.<\/p>\n<p>Tambi\u00e9n se cort\u00f3 la ruta nacional 5, entre La Gloria y Uriburu, pero en ese caso la empresa concesioria la repar\u00f3 en s\u00f3lo en dos meses. Incluso Naci\u00f3n demor\u00f3 la decisi\u00f3n de aumentar el alteo en el bajo Giuliani, que finalmente lo hizo la Provincia.<\/p>\n<p><strong>Patricia Guti\u00e9rrez<\/strong>, administradora general de Vialidad Nacional, dijo que la pavimentaci\u00f3n de estos dos alteos \u201cse minimizar\u00e1n las tareas de mantenimiento\u201d y se otorgar\u00e1n \u201cmejores condiciones de seguridad y calidad en este corredor fundamental\u201d para el transporte de la cosecha pampeana.<\/p>\n<p>\u201cRepavimentar los alteos es de suma importancia para brindar mayor seguridad en este valioso corredor. Con estas tareas se van a reducir los trabajos de mantenimiento de la calzada, prolongando de esta manera las \u00f3ptimas condiciones de transitabilidad y garantizando el transporte de la producci\u00f3n local\u201d, dijo Guti\u00e9rrez.<\/p>\n<p>Fuente : Diario Textual<\/p>\n<div class=\"oasis-despues-del-contenido\" id=\"oasis-348448005\"><img loading=\"lazy\" decoding=\"async\" src=\"https:\/\/oasisfm935.com.ar\/site\/wp-content\/uploads\/2020\/08\/47806202-8741-49f2-a5c9-d2f930e5baa1.jpg\" alt=\"\"  srcset=\"https:\/\/oasisfm935.com.ar\/site\/wp-content\/uploads\/2020\/08\/47806202-8741-49f2-a5c9-d2f930e5baa1.jpg 1080w, https:\/\/oasisfm935.com.ar\/site\/wp-content\/uploads\/2020\/08\/47806202-8741-49f2-a5c9-d2f930e5baa1-300x300.jpg 300w, https:\/\/oasisfm935.com.ar\/site\/wp-content\/uploads\/2020\/08\/47806202-8741-49f2-a5c9-d2f930e5baa1-1024x1024.jpg 1024w, https:\/\/oasisfm935.com.ar\/site\/wp-content\/uploads\/2020\/08\/47806202-8741-49f2-a5c9-d2f930e5baa1-150x150.jpg 150w, https:\/\/oasisfm935.com.ar\/site\/wp-content\/uploads\/2020\/08\/47806202-8741-49f2-a5c9-d2f930e5baa1-768x768.jpg 768w\" sizes=\"(max-width: 1080px) 100vw, 1080px\" class=\"no-lazyload\" width=\"1080\" height=\"1080\"  style=\"display: inline-block;\" \/><\/div>","protected":false},"excerpt":{"rendered":"<p>&nbsp; Pasaron casi\u00a0dos a\u00f1os\u00a0y finalmente en las \u00faltimas horas\u00a0comenzaron las tareas de pavimentaci\u00f3n de los dos alteos de la ruta nacional 35,<\/p>\n","protected":false},"author":4,"featured_media":743,"comment_status":"closed","ping_status":"open","sticky":false,"template":"","format":"standard","meta":{"colormag_page_layout":"default_layout","footnotes":""},"categories":[2],"tags":[],"class_list":["post-742","post","type-post","status-publish","format-standard","has-post-thumbnail","hentry","category-noticias"],"_links":{"self":[{"href":"https:\/\/oasisfm935.com.ar\/site\/wp-json\/wp\/v2\/posts\/742","targetHints":{"allow":["GET"]}}],"collection":[{"href":"https:\/\/oasisfm935.com.ar\/site\/wp-json\/wp\/v2\/posts"}],"about":[{"href":"https:\/\/oasisfm935.com.ar\/site\/wp-json\/wp\/v2\/types\/post"}],"author":[{"embeddable":true,"href":"https:\/\/oasisfm935.com.ar\/site\/wp-json\/wp\/v2\/users\/4"}],"replies":[{"embeddable":true,"href":"https:\/\/oasisfm935.com.ar\/site\/wp-json\/wp\/v2\/comments?post=742"}],"version-history":[{"count":1,"href":"https:\/\/oasisfm935.com.ar\/site\/wp-json\/wp\/v2\/posts\/742\/revisions"}],"predecessor-version":[{"id":744,"href":"https:\/\/oasisfm935.com.ar\/site\/wp-json\/wp\/v2\/posts\/742\/revisions\/744"}],"wp:featuredmedia":[{"embeddable":true,"href":"https:\/\/oasisfm935.com.ar\/site\/wp-json\/wp\/v2\/media\/743"}],"wp:attachment":[{"href":"https:\/\/oasisfm935.com.ar\/site\/wp-json\/wp\/v2\/media?parent=742"}],"wp:term":[{"taxonomy":"category","embeddable":true,"href":"https:\/\/oasisfm935.com.ar\/site\/wp-json\/wp\/v2\/categories?post=742"},{"taxonomy":"post_tag","embeddable":true,"href":"https:\/\/oasisfm935.com.ar\/site\/wp-json\/wp\/v2\/tags?post=742"}],"curies":[{"name":"wp","href":"https:\/\/api.w.org\/{rel}","templated":true}]}}