{"id":7423,"date":"2020-10-15T08:51:36","date_gmt":"2020-10-15T11:51:36","guid":{"rendered":"http:\/\/oasisfm935.com\/site\/?p=7423"},"modified":"2020-10-15T08:51:36","modified_gmt":"2020-10-15T11:51:36","slug":"diputados-e-intendentes-del-oeste-en-el-cauce-seco-del-atuel","status":"publish","type":"post","link":"https:\/\/oasisfm935.com.ar\/site\/diputados-e-intendentes-del-oeste-en-el-cauce-seco-del-atuel\/","title":{"rendered":"Diputados e intendentes del oeste, en el cauce seco del Atuel."},"content":{"rendered":"<p>Los diputados del Frente de Todos fueron a escucharlos por la coparticipaci\u00f3n<strong>. Y acompa\u00f1aron a los jefes comunales en el reclamo por el Atuel.<\/strong><\/p>\n<p>\u00abLa imagen sobe el cauce del R\u00edo Atuel habla por si sola\u00bb, dijo el intendente de Algarrobo del \u00c1guila, Oscar Gatica, al difundir una imagen del cauce seco, con los jefes comunales de la regi\u00f3n y diputados provinciales del oficialismo.<\/p>\n<p>El martes en Algarrobo del \u00c1guila recibieron la visita de los diputados del Frente de Todos, Oscar Zanoli, Facundo Sola, Oscar Beilmann, Ariel Rojas y\u00a0 Roberto Robledo. Tambi\u00e9n estuvieron intendentes de la microrregi\u00f3n cuatro, concejales y secretarios de hacienda de los municipios.<\/p>\n<p>El Atuel sigue sin correr en territorio pampeano, a pesar del fallo\u00a0de la Corte Suprema de Justicia de la Naci\u00f3n que fij\u00f3 unos 3,2 metros c\u00fabicos de caudal m\u00ednimo permanente del r\u00edo Atuel. Mendoza sostiene que le falta agua para cumplirlo y no dejar sin irrigaci\u00f3n\u00a0 a sus regantes.<\/p>\n<p><img decoding=\"async\" src=\"https:\/\/www.eldiariodelapampa.com.ar\/images\/2020\/octubre2020\/14-10-2020\/algarrobo-del-aguila-diputados-atuel.jpg\" \/><\/p>\n<p>Coparticipaci\u00f3n<\/p>\n<p>Los diputados del oficialismo fueron a Algarrobo del \u00c1guila para discutir el proyecto de modificaci\u00f3n de la coparticipaci\u00f3n provincial.<\/p>\n<p>\u00abLa\u00a0tem\u00e1tica se enfoc\u00f3 en el proyecto de modificaci\u00f3n de la ley de coparticipaci\u00f3n, donde se realiz\u00f3 una puesta en com\u00fan de las distintas posturas\u00bb, cont\u00f3 el jefe comunal de Algarrobo.<\/p>\n<p>Finalizado el encuentro, \u00ablos diputados pudieron llevar un panorama acerca de la realidad de la regi\u00f3n\u00bb.<\/p>\n<p>Los jefes comunales de las cuatro localidades se hab\u00edan reunido ya la semana pasada y pidieron una audiencia con el gobernador Sergio Ziliotto para expresar su postura respecto al proyecto para introducir cambios en la forma de calcular los \u00edndices de la coparticipaci\u00f3n provincial.<\/p>\n<p>Se reunieron en el despacho de la intendencia de Algarrobo del \u00c1guila, los siguientes jefes comunales:\u00a0\u00a0Marta Paturlanne de Santa Isabel,\u00a0\u00a0Leonardo Pereyrade La Humada,\u00a0Rub\u00e9n Colado de Puel\u00e9n y\u00a0Oscar Gatica, el anfitri\u00f3n.<\/p>\n<p>\u00abLa tem\u00e1tica de dicha reuni\u00f3n se centr\u00f3 en el proyecto de ley referente a la modificaci\u00f3n de la ley de coparticipaci\u00f3n, el cual fue enviado por el Poder Ejecutivo Provincial a la C\u00e1mara de Diputados en los primeros meses del corriente a\u00f1o\u00bb, inform\u00f3 el intendente local.<\/p>\n<p>\u00abProyecto que marca un antes y un despu\u00e9s para la provincia. Ya que habilita a un debate donde cada uno expresa su postura teniendo en cuenta la realidad socioecon\u00f3mica, cultural de cada regi\u00f3n. Tal es as\u00ed que ante esto el grupo de intendentes antes mencionado coincide en la posibilidad de reunirse con el Gobernador y Diputados, para llevar la propuesta que surge de este encuentro. Por consiguiente se realiz\u00f3 una nota firmada por los cuatro jefes comunales, solicitando la audiencia correspondiente\u00bb, finalizaron.<\/p>\n<div class=\"oasis-despues-del-contenido\" id=\"oasis-1241349102\"><img loading=\"lazy\" decoding=\"async\" src=\"https:\/\/oasisfm935.com.ar\/site\/wp-content\/uploads\/2020\/08\/47806202-8741-49f2-a5c9-d2f930e5baa1.jpg\" alt=\"\"  srcset=\"https:\/\/oasisfm935.com.ar\/site\/wp-content\/uploads\/2020\/08\/47806202-8741-49f2-a5c9-d2f930e5baa1.jpg 1080w, https:\/\/oasisfm935.com.ar\/site\/wp-content\/uploads\/2020\/08\/47806202-8741-49f2-a5c9-d2f930e5baa1-300x300.jpg 300w, https:\/\/oasisfm935.com.ar\/site\/wp-content\/uploads\/2020\/08\/47806202-8741-49f2-a5c9-d2f930e5baa1-1024x1024.jpg 1024w, https:\/\/oasisfm935.com.ar\/site\/wp-content\/uploads\/2020\/08\/47806202-8741-49f2-a5c9-d2f930e5baa1-150x150.jpg 150w, https:\/\/oasisfm935.com.ar\/site\/wp-content\/uploads\/2020\/08\/47806202-8741-49f2-a5c9-d2f930e5baa1-768x768.jpg 768w\" sizes=\"(max-width: 1080px) 100vw, 1080px\" class=\"no-lazyload\" width=\"1080\" height=\"1080\"  style=\"display: inline-block;\" \/><\/div>","protected":false},"excerpt":{"rendered":"<p>Los diputados del Frente de Todos fueron a escucharlos por la coparticipaci\u00f3n. Y acompa\u00f1aron a los jefes comunales en el reclamo por<\/p>\n","protected":false},"author":4,"featured_media":7424,"comment_status":"closed","ping_status":"open","sticky":false,"template":"","format":"standard","meta":{"colormag_page_layout":"default_layout","footnotes":""},"categories":[2],"tags":[],"class_list":["post-7423","post","type-post","status-publish","format-standard","has-post-thumbnail","hentry","category-noticias"],"_links":{"self":[{"href":"https:\/\/oasisfm935.com.ar\/site\/wp-json\/wp\/v2\/posts\/7423","targetHints":{"allow":["GET"]}}],"collection":[{"href":"https:\/\/oasisfm935.com.ar\/site\/wp-json\/wp\/v2\/posts"}],"about":[{"href":"https:\/\/oasisfm935.com.ar\/site\/wp-json\/wp\/v2\/types\/post"}],"author":[{"embeddable":true,"href":"https:\/\/oasisfm935.com.ar\/site\/wp-json\/wp\/v2\/users\/4"}],"replies":[{"embeddable":true,"href":"https:\/\/oasisfm935.com.ar\/site\/wp-json\/wp\/v2\/comments?post=7423"}],"version-history":[{"count":1,"href":"https:\/\/oasisfm935.com.ar\/site\/wp-json\/wp\/v2\/posts\/7423\/revisions"}],"predecessor-version":[{"id":7425,"href":"https:\/\/oasisfm935.com.ar\/site\/wp-json\/wp\/v2\/posts\/7423\/revisions\/7425"}],"wp:featuredmedia":[{"embeddable":true,"href":"https:\/\/oasisfm935.com.ar\/site\/wp-json\/wp\/v2\/media\/7424"}],"wp:attachment":[{"href":"https:\/\/oasisfm935.com.ar\/site\/wp-json\/wp\/v2\/media?parent=7423"}],"wp:term":[{"taxonomy":"category","embeddable":true,"href":"https:\/\/oasisfm935.com.ar\/site\/wp-json\/wp\/v2\/categories?post=7423"},{"taxonomy":"post_tag","embeddable":true,"href":"https:\/\/oasisfm935.com.ar\/site\/wp-json\/wp\/v2\/tags?post=7423"}],"curies":[{"name":"wp","href":"https:\/\/api.w.org\/{rel}","templated":true}]}}