{"id":7438,"date":"2020-10-15T18:20:51","date_gmt":"2020-10-15T21:20:51","guid":{"rendered":"http:\/\/oasisfm935.com\/site\/?p=7438"},"modified":"2020-10-15T18:21:17","modified_gmt":"2020-10-15T21:21:17","slug":"habla-el-gobernador-ziliotto-se-esperan-anuncios-relacionados-con-la-situacion-sanitaria","status":"publish","type":"post","link":"https:\/\/oasisfm935.com.ar\/site\/habla-el-gobernador-ziliotto-se-esperan-anuncios-relacionados-con-la-situacion-sanitaria\/","title":{"rendered":"Habla el gobernador Ziliotto: se esperan anuncios relacionados con la situaci\u00f3n sanitaria"},"content":{"rendered":"<p><strong>Ser\u00e1 este jueves a partir de las 19:00 horas, en Casa de Gobierno<\/strong>. La rueda de prensa ser\u00e1 transmitida en vivo por este diario digital y por Canal 3.\u00a0<strong>Se suspender\u00edan los encuentros sociales y familiares a partir de ma\u00f1ana<\/strong>.<\/p>\n<p>El gobernador Sergio Ziliotto brindar\u00e1 este jueves a las 19:00 horas una conferencia de prensa en Casa de Gobierno, donde realizar\u00e1 anuncios relacionados con la situaci\u00f3n sanitaria en la provincia.<\/p>\n<p><strong>Hay un cerrado hermetismo oficial en relaci\u00f3n a las medidas que dar\u00e1 a conocer el mandatario pampeano<\/strong>. Pero el aumento de los casos en los \u00faltimos d\u00edas, sobre todo en la capital pampeana, y la proximidad del festejo por el D\u00eda de la Madre, habr\u00edan obligado a las autoridades sanitarias a tomar una definici\u00f3n.<\/p>\n<p>Hay algunos que especulan que Ziliotto anunciar\u00e1, entre otras cosas, un cambio de fase en la Santa Rosa: la ciudad retroceder\u00eda de Fase 5 a Fase.<\/p>\n<p><strong>\u00bfQu\u00e9 implica fundamentalmente esa medida?<\/strong>\u00a0Apunta a mantener los comercios abiertos, para no afectar la situaci\u00f3n econ\u00f3mica, pero restringe la circulaci\u00f3n y los encuentros sociales y familiares.<\/p>\n<div class=\"oasis-despues-del-contenido\" id=\"oasis-2704336298\"><img loading=\"lazy\" decoding=\"async\" src=\"https:\/\/oasisfm935.com.ar\/site\/wp-content\/uploads\/2020\/08\/47806202-8741-49f2-a5c9-d2f930e5baa1.jpg\" alt=\"\"  srcset=\"https:\/\/oasisfm935.com.ar\/site\/wp-content\/uploads\/2020\/08\/47806202-8741-49f2-a5c9-d2f930e5baa1.jpg 1080w, https:\/\/oasisfm935.com.ar\/site\/wp-content\/uploads\/2020\/08\/47806202-8741-49f2-a5c9-d2f930e5baa1-300x300.jpg 300w, https:\/\/oasisfm935.com.ar\/site\/wp-content\/uploads\/2020\/08\/47806202-8741-49f2-a5c9-d2f930e5baa1-1024x1024.jpg 1024w, https:\/\/oasisfm935.com.ar\/site\/wp-content\/uploads\/2020\/08\/47806202-8741-49f2-a5c9-d2f930e5baa1-150x150.jpg 150w, https:\/\/oasisfm935.com.ar\/site\/wp-content\/uploads\/2020\/08\/47806202-8741-49f2-a5c9-d2f930e5baa1-768x768.jpg 768w\" sizes=\"(max-width: 1080px) 100vw, 1080px\" class=\"no-lazyload\" width=\"1080\" height=\"1080\"  style=\"display: inline-block;\" \/><\/div>","protected":false},"excerpt":{"rendered":"<p>Ser\u00e1 este jueves a partir de las 19:00 horas, en Casa de Gobierno. La rueda de prensa ser\u00e1 transmitida en vivo por<\/p>\n","protected":false},"author":4,"featured_media":7439,"comment_status":"closed","ping_status":"open","sticky":false,"template":"","format":"standard","meta":{"colormag_page_layout":"default_layout","footnotes":""},"categories":[2],"tags":[],"class_list":["post-7438","post","type-post","status-publish","format-standard","has-post-thumbnail","hentry","category-noticias"],"_links":{"self":[{"href":"https:\/\/oasisfm935.com.ar\/site\/wp-json\/wp\/v2\/posts\/7438","targetHints":{"allow":["GET"]}}],"collection":[{"href":"https:\/\/oasisfm935.com.ar\/site\/wp-json\/wp\/v2\/posts"}],"about":[{"href":"https:\/\/oasisfm935.com.ar\/site\/wp-json\/wp\/v2\/types\/post"}],"author":[{"embeddable":true,"href":"https:\/\/oasisfm935.com.ar\/site\/wp-json\/wp\/v2\/users\/4"}],"replies":[{"embeddable":true,"href":"https:\/\/oasisfm935.com.ar\/site\/wp-json\/wp\/v2\/comments?post=7438"}],"version-history":[{"count":1,"href":"https:\/\/oasisfm935.com.ar\/site\/wp-json\/wp\/v2\/posts\/7438\/revisions"}],"predecessor-version":[{"id":7440,"href":"https:\/\/oasisfm935.com.ar\/site\/wp-json\/wp\/v2\/posts\/7438\/revisions\/7440"}],"wp:featuredmedia":[{"embeddable":true,"href":"https:\/\/oasisfm935.com.ar\/site\/wp-json\/wp\/v2\/media\/7439"}],"wp:attachment":[{"href":"https:\/\/oasisfm935.com.ar\/site\/wp-json\/wp\/v2\/media?parent=7438"}],"wp:term":[{"taxonomy":"category","embeddable":true,"href":"https:\/\/oasisfm935.com.ar\/site\/wp-json\/wp\/v2\/categories?post=7438"},{"taxonomy":"post_tag","embeddable":true,"href":"https:\/\/oasisfm935.com.ar\/site\/wp-json\/wp\/v2\/tags?post=7438"}],"curies":[{"name":"wp","href":"https:\/\/api.w.org\/{rel}","templated":true}]}}