{"id":7442,"date":"2020-10-15T19:38:17","date_gmt":"2020-10-15T22:38:17","guid":{"rendered":"http:\/\/oasisfm935.com\/site\/?p=7442"},"modified":"2020-10-15T19:40:21","modified_gmt":"2020-10-15T22:40:21","slug":"la-pampa-santa-rosa-regreso-a-fase-2-con-un-permitido-de-reunion-en-el-dia-de-la-madre","status":"publish","type":"post","link":"https:\/\/oasisfm935.com.ar\/site\/la-pampa-santa-rosa-regreso-a-fase-2-con-un-permitido-de-reunion-en-el-dia-de-la-madre\/","title":{"rendered":"La Pampa: Santa Rosa regres\u00f3 a Fase 2, con un \u201cpermitido\u201d de reuni\u00f3n en el D\u00eda de la Madre"},"content":{"rendered":"<p>El\u00a0<strong>Gobierno provincial<\/strong>\u00a0dispuso, por\u00a0<strong><a href=\"https:\/\/www.lapampa.gob.ar\/images\/Archivos\/BoletinOficial\/2020\/Sep3435.pdf\" target=\"_blank\" rel=\"noreferrer noopener\">decreto<\/a><\/strong>, qu<strong>e Santa Rosa regrese por 10 d\u00edas de la Fase 5 a la Fase 2<\/strong> del aislamiento -es decir, sin reuniones sociales y familiares, aunque con la mayor\u00eda de actividades econ\u00f3micas habilitadas-, a ra\u00edz de un fuerte incremento de casos\u00a0 de corona virus. Pero hay un \u201cpermitido\u201d:\u00a0<strong>se autorizaron las reuniones el D\u00eda de la Madre<\/strong>.<\/p>\n<p><strong>\u201cSumamos casi 300 casos en la semana en Santa Rosa. Eso nos obliga a tomar decisiones. No nos gusta, pero es necesario\u201d, dijo el gobernador Sergio Ziliotto.<\/strong><\/p>\n<p><strong>\u201cPor eso desde las 0 de ma\u00f1ana hasta las 0 horas del lunes 26 vamos a poner la Fase 2 de m\u00e1xima responsabilidad social en Santa Rosa\u201d, cont\u00f3.<\/strong><\/p>\n<p><a href=\"http:\/\/oasisfm935.com\/site\/wp-content\/uploads\/2020\/10\/cuarentenadecretosantarosaoctu2020-1.jpg\"><img loading=\"lazy\" decoding=\"async\" class=\"alignnone size-full wp-image-7443\" src=\"http:\/\/oasisfm935.com\/site\/wp-content\/uploads\/2020\/10\/cuarentenadecretosantarosaoctu2020-1.jpg\" alt=\"\" width=\"764\" height=\"592\" srcset=\"https:\/\/oasisfm935.com.ar\/site\/wp-content\/uploads\/2020\/10\/cuarentenadecretosantarosaoctu2020-1.jpg 764w, https:\/\/oasisfm935.com.ar\/site\/wp-content\/uploads\/2020\/10\/cuarentenadecretosantarosaoctu2020-1-300x232.jpg 300w\" sizes=\"auto, (max-width: 764px) 100vw, 764px\" \/><\/a><\/p>\n<p><strong>\u201cNo afectamos ninguna actividad econ\u00f3mica. Por el momento, no. Pero si lo tenemos que hacer, no nos va a temblar la mano\u201d, manifest\u00f3. \u201cNo es tan grande el esfuerzo. Es resignar un poco el esparcimiento\u201d, dijo.<\/strong><\/p>\n<p>El anuncio lo hizo el mandatario desde el Sal\u00f3n de Acuerdos de Casa de Gobierno, minutos despu\u00e9s de una reuni\u00f3n del Comit\u00e9 de Emergencias de La Pampa. Estuvo acompa\u00f1ado por el vicegobernador Mariano Fern\u00e1ndez; el ministro de Salud, Rub\u00e9n Kohan; el presidente del Superior Tribunal de Justicia, Jos\u00e9 Sappa; y diputados, entre otros.<\/p>\n<p>\u201cLa Fase 2 es un aislamiento social voluntario, con circulaci\u00f3n m\u00ednima. Solo se podr\u00e1 circular si es necesario\u201d, dijo el gobernador.<\/p>\n<p>Pero tambi\u00e9n se restringir\u00e1 fuertemente la actividad oficial, como en oficinas del Gobierno, de la municipalidad y en el Banco de La Pampa.<\/p>\n<p>Seg\u00fan cont\u00f3 Ziliotto, este jueves hubo 91 casos positivos de covid <strong><a href=\"http:\/\/diariotextual.com\/inicio\/index.php\/2020\/10\/15\/este-jueves-91-casos-nuevos-de-coronavirus-en-la-pampa\/\" target=\"_blank\" rel=\"noreferrer noopener\">\u00a0<\/a><\/strong>en toda La Pampa. De ellos, la \u201cenorme mayor\u00eda\u201d son de Santa Rosa: 58. Ahora hay 271 personas con casos activos de covid y 2800 aislados en la capital.<\/p>\n<p>Dijo que, adem\u00e1s de habilitar los hospitales modulares en las pr\u00f3ximas horas, contrataron otros dos hoteles para alojar a contagiados que no requieren internaci\u00f3n. Tambi\u00e9n, sostuvo, incorporar\u00e1n a m\u00e1s personal para hacer seguimientos de los aislados.<\/p>\n<div class=\"oasis-despues-del-contenido\" id=\"oasis-1916092659\"><img loading=\"lazy\" decoding=\"async\" src=\"https:\/\/oasisfm935.com.ar\/site\/wp-content\/uploads\/2020\/08\/47806202-8741-49f2-a5c9-d2f930e5baa1.jpg\" alt=\"\"  srcset=\"https:\/\/oasisfm935.com.ar\/site\/wp-content\/uploads\/2020\/08\/47806202-8741-49f2-a5c9-d2f930e5baa1.jpg 1080w, https:\/\/oasisfm935.com.ar\/site\/wp-content\/uploads\/2020\/08\/47806202-8741-49f2-a5c9-d2f930e5baa1-300x300.jpg 300w, https:\/\/oasisfm935.com.ar\/site\/wp-content\/uploads\/2020\/08\/47806202-8741-49f2-a5c9-d2f930e5baa1-1024x1024.jpg 1024w, https:\/\/oasisfm935.com.ar\/site\/wp-content\/uploads\/2020\/08\/47806202-8741-49f2-a5c9-d2f930e5baa1-150x150.jpg 150w, https:\/\/oasisfm935.com.ar\/site\/wp-content\/uploads\/2020\/08\/47806202-8741-49f2-a5c9-d2f930e5baa1-768x768.jpg 768w\" sizes=\"(max-width: 1080px) 100vw, 1080px\" class=\"no-lazyload\" width=\"1080\" height=\"1080\"  style=\"display: inline-block;\" \/><\/div>","protected":false},"excerpt":{"rendered":"<p>El\u00a0Gobierno provincial\u00a0dispuso, por\u00a0decreto, que Santa Rosa regrese por 10 d\u00edas de la Fase 5 a la Fase 2 del aislamiento -es decir,<\/p>\n","protected":false},"author":4,"featured_media":7447,"comment_status":"closed","ping_status":"open","sticky":false,"template":"","format":"standard","meta":{"colormag_page_layout":"default_layout","footnotes":""},"categories":[2],"tags":[],"class_list":["post-7442","post","type-post","status-publish","format-standard","has-post-thumbnail","hentry","category-noticias"],"_links":{"self":[{"href":"https:\/\/oasisfm935.com.ar\/site\/wp-json\/wp\/v2\/posts\/7442","targetHints":{"allow":["GET"]}}],"collection":[{"href":"https:\/\/oasisfm935.com.ar\/site\/wp-json\/wp\/v2\/posts"}],"about":[{"href":"https:\/\/oasisfm935.com.ar\/site\/wp-json\/wp\/v2\/types\/post"}],"author":[{"embeddable":true,"href":"https:\/\/oasisfm935.com.ar\/site\/wp-json\/wp\/v2\/users\/4"}],"replies":[{"embeddable":true,"href":"https:\/\/oasisfm935.com.ar\/site\/wp-json\/wp\/v2\/comments?post=7442"}],"version-history":[{"count":2,"href":"https:\/\/oasisfm935.com.ar\/site\/wp-json\/wp\/v2\/posts\/7442\/revisions"}],"predecessor-version":[{"id":7446,"href":"https:\/\/oasisfm935.com.ar\/site\/wp-json\/wp\/v2\/posts\/7442\/revisions\/7446"}],"wp:featuredmedia":[{"embeddable":true,"href":"https:\/\/oasisfm935.com.ar\/site\/wp-json\/wp\/v2\/media\/7447"}],"wp:attachment":[{"href":"https:\/\/oasisfm935.com.ar\/site\/wp-json\/wp\/v2\/media?parent=7442"}],"wp:term":[{"taxonomy":"category","embeddable":true,"href":"https:\/\/oasisfm935.com.ar\/site\/wp-json\/wp\/v2\/categories?post=7442"},{"taxonomy":"post_tag","embeddable":true,"href":"https:\/\/oasisfm935.com.ar\/site\/wp-json\/wp\/v2\/tags?post=7442"}],"curies":[{"name":"wp","href":"https:\/\/api.w.org\/{rel}","templated":true}]}}