{"id":7449,"date":"2020-10-15T20:35:33","date_gmt":"2020-10-15T23:35:33","guid":{"rendered":"http:\/\/oasisfm935.com\/site\/?p=7449"},"modified":"2020-10-15T20:35:33","modified_gmt":"2020-10-15T23:35:33","slug":"la-pampa-covid-19-ingeniero-luiggi-suma-2-casos-positivos-y-ya-son-9-los-activos-en-la-localidad","status":"publish","type":"post","link":"https:\/\/oasisfm935.com.ar\/site\/la-pampa-covid-19-ingeniero-luiggi-suma-2-casos-positivos-y-ya-son-9-los-activos-en-la-localidad\/","title":{"rendered":"La Pampa COVID-19: Ingeniero Luiggi suma 2 casos positivos y ya son 9 los activos en la localidad."},"content":{"rendered":"<p>De ellos 70 eran contactos estrechos y 21 contin\u00faan en investigaci\u00f3n. En La Pampa, al momento de emitir el presente reporte, hay 5.641 personas aisladas.<\/p>\n<p>El Gobierno de la Provincia de La Pampa, a trav\u00e9s del Ministerio de Salud, comunic\u00f3 que en horas de la tarde del d\u00eda 15 de octubre se finaliz\u00f3 con el procesamiento de 347 muestras en los laboratorios de la Direcci\u00f3n de Epidemiolog\u00eda y del Establecimiento Asistencial Gobernador Centeno de General Pico y Lucio Molas de Santa Rosa, de las cuales 91 resultaron positivas para COVID-19. De ellas 58 personas residen en la ciudad de Santa Rosa, 14 en General Pico, 8 en Toay, 4 en Trenel, 2 en Ingeniero Luiggi, 2 Guatrach\u00e9, 1 en Realic\u00f3, 1 en La Adela y 1 en Maisonnave. De los 91 casos confirmados en el d\u00eda de hoy, 70 se encontraban aislados por ser considerados contactos estrechos, mientras que 21 casos contin\u00faan en investigaci\u00f3n epidemiol\u00f3gica.<\/p>\n<p><strong>Situaci\u00f3n provincial:<\/strong><br \/>\nDesde el inicio de la pandemia, en La Pampa, se registraron un total de 1.340 casos positivos para COVID-19, de los cuales 514 permanecen activos, 15 fallecieron y 811 se han recuperado, entre estos \u00faltimos se encuentran 8 personas de General Pico, 2 de Realico, 1 de Intendente Alvear, 9 de Winifreda, 4 de 25 de Mayo, 4 de Santa Rosa, 2 de Quem\u00fa Quem\u00fa y 5 de Toay. Los casos confirmados activos est\u00e1n distribuidos de la siguiente manera: 271 en la ciudad de Santa Rosa, 110 en General Pico, 34 en 25 de Mayo, 12 en Winifreda, 26 en Toay, 20 en Trenel, 8 en Quem\u00fa Quem\u00fa, 5 en Intendente Alvear, 4 en Realic\u00f3, 9 en Luiggi, 5 en Maisonave, 2 en Macach\u00edn, 1 Colonia Bar\u00f3n, 3 en Guatrach\u00e9, 2 en La Adela, 1 en Catril\u00f3, y 1 en Bernardo Larroud\u00e9.<br \/>\nAl d\u00eda de la fecha, en La Pampa, se encuentran aisladas un total de 5.641 personas en toda la provincia.<br \/>\nSe encuentran internados 22 pacientes confirmados para COVID-19. En General Pico 7 pacientes en modulares. En el Centro Emergente de Asistencia Respiratoria de Santa Rosa, se encuentran internadas 15 pacientes, de ellos 9 en cl\u00ednica m\u00e9dica y 6 en sala de terapia intensiva.<\/p>\n<div class=\"oasis-despues-del-contenido\" id=\"oasis-3553894100\"><img loading=\"lazy\" decoding=\"async\" src=\"https:\/\/oasisfm935.com.ar\/site\/wp-content\/uploads\/2020\/08\/47806202-8741-49f2-a5c9-d2f930e5baa1.jpg\" alt=\"\"  srcset=\"https:\/\/oasisfm935.com.ar\/site\/wp-content\/uploads\/2020\/08\/47806202-8741-49f2-a5c9-d2f930e5baa1.jpg 1080w, https:\/\/oasisfm935.com.ar\/site\/wp-content\/uploads\/2020\/08\/47806202-8741-49f2-a5c9-d2f930e5baa1-300x300.jpg 300w, https:\/\/oasisfm935.com.ar\/site\/wp-content\/uploads\/2020\/08\/47806202-8741-49f2-a5c9-d2f930e5baa1-1024x1024.jpg 1024w, https:\/\/oasisfm935.com.ar\/site\/wp-content\/uploads\/2020\/08\/47806202-8741-49f2-a5c9-d2f930e5baa1-150x150.jpg 150w, https:\/\/oasisfm935.com.ar\/site\/wp-content\/uploads\/2020\/08\/47806202-8741-49f2-a5c9-d2f930e5baa1-768x768.jpg 768w\" sizes=\"(max-width: 1080px) 100vw, 1080px\" class=\"no-lazyload\" width=\"1080\" height=\"1080\"  style=\"display: inline-block;\" \/><\/div>","protected":false},"excerpt":{"rendered":"<p>De ellos 70 eran contactos estrechos y 21 contin\u00faan en investigaci\u00f3n. En La Pampa, al momento de emitir el presente reporte, hay<\/p>\n","protected":false},"author":4,"featured_media":7450,"comment_status":"closed","ping_status":"open","sticky":false,"template":"","format":"standard","meta":{"colormag_page_layout":"default_layout","footnotes":""},"categories":[2],"tags":[],"class_list":["post-7449","post","type-post","status-publish","format-standard","has-post-thumbnail","hentry","category-noticias"],"_links":{"self":[{"href":"https:\/\/oasisfm935.com.ar\/site\/wp-json\/wp\/v2\/posts\/7449","targetHints":{"allow":["GET"]}}],"collection":[{"href":"https:\/\/oasisfm935.com.ar\/site\/wp-json\/wp\/v2\/posts"}],"about":[{"href":"https:\/\/oasisfm935.com.ar\/site\/wp-json\/wp\/v2\/types\/post"}],"author":[{"embeddable":true,"href":"https:\/\/oasisfm935.com.ar\/site\/wp-json\/wp\/v2\/users\/4"}],"replies":[{"embeddable":true,"href":"https:\/\/oasisfm935.com.ar\/site\/wp-json\/wp\/v2\/comments?post=7449"}],"version-history":[{"count":1,"href":"https:\/\/oasisfm935.com.ar\/site\/wp-json\/wp\/v2\/posts\/7449\/revisions"}],"predecessor-version":[{"id":7451,"href":"https:\/\/oasisfm935.com.ar\/site\/wp-json\/wp\/v2\/posts\/7449\/revisions\/7451"}],"wp:featuredmedia":[{"embeddable":true,"href":"https:\/\/oasisfm935.com.ar\/site\/wp-json\/wp\/v2\/media\/7450"}],"wp:attachment":[{"href":"https:\/\/oasisfm935.com.ar\/site\/wp-json\/wp\/v2\/media?parent=7449"}],"wp:term":[{"taxonomy":"category","embeddable":true,"href":"https:\/\/oasisfm935.com.ar\/site\/wp-json\/wp\/v2\/categories?post=7449"},{"taxonomy":"post_tag","embeddable":true,"href":"https:\/\/oasisfm935.com.ar\/site\/wp-json\/wp\/v2\/tags?post=7449"}],"curies":[{"name":"wp","href":"https:\/\/api.w.org\/{rel}","templated":true}]}}