{"id":745,"date":"2019-02-12T16:12:39","date_gmt":"2019-02-12T19:12:39","guid":{"rendered":"http:\/\/oasisfm935.com\/site\/?p=745"},"modified":"2019-02-12T16:12:39","modified_gmt":"2019-02-12T19:12:39","slug":"verna-creo-un-programa-de-tarifa-social-para-la-luz","status":"publish","type":"post","link":"https:\/\/oasisfm935.com.ar\/site\/verna-creo-un-programa-de-tarifa-social-para-la-luz\/","title":{"rendered":"Verna cre\u00f3 un programa de tarifa social para la luz"},"content":{"rendered":"<p>&nbsp;<\/p>\n<p>El gobernador Carlos Verna decidi\u00f3 crear el programa\u00a0<strong>Asistencia Social Pampeana<\/strong>\u00a0para el consumo de energ\u00eda el\u00e9ctrica. De esa manera,\u00a0<strong>subsidiar\u00e1 el consumo de luz para los sectores m\u00e1s vulnerables<\/strong>\u00a0luego de que Naci\u00f3n decidiera\u00a0<strong>eliminar el beneficio de la tarifa social que, en La Pampa, afect\u00f3 a 33 mil familias.<\/strong><\/p>\n<p>&nbsp;<\/p>\n<p>Con fecha del 11 de febrero de 2019, y refrendado por Carlos Verna, junto a los ministros de Desarrollo Social y de Obras y Servicios P\u00fablicos, Fernanda Alonso y Julio Bargero, respectivamente, se oficializ\u00f3 el\u00a0<strong>Decreto N\u00ba 266\/19<\/strong>\u00a0que otorga como autoridad de aplicaci\u00f3n al Ministerio de Desarrollo Social el programa de Asistencia Social Pampeana, con<strong>\u00a0el objetivo de \u201catenuar las consecuencias\u201d generadas a partir de la eliminaci\u00f3n de la tarifa social por parte de Naci\u00f3n<\/strong>.<\/p>\n<p>\u201cLa ejecuci\u00f3n del programa se implementar\u00e1 a trav\u00e9s de la tarjeta social, de conformidad con el convenio mantenido con el Banco de La Pampa\u201d, expres\u00f3 el mandatario en el decreto.<\/p>\n<p>\u201cEl alcance establece a la poblaci\u00f3n que debe asistirse, mediante los criterios de focalizaci\u00f3n y requisitos de accesibilidad, siendo parte esencial de la operatividad el sistema provincial de Registros de Beneficiarios actuales y potenciales, de programas estatales Pilqu\u00e9n\u201d, se indica. \u201c<strong>Se implementar\u00e1 a trav\u00e9s de la tarjeta social, de conformidad con el convenio vigente mantenido con el Banco de La Pampa. La tarjeta social ser\u00e1 emitida por la entidad bancaria, por cuenta y orden de la Provincia, a nombre de los beneficiarios, a fin de que \u00e9stos perciban el importe que a cada uno le corresponda, conforme a los lineamientos del Programa\u201d.<\/strong><\/p>\n<p>Verna se quej\u00f3 tambi\u00e9n de la decisi\u00f3n de la Casa Rosada.<strong>\u00a0\u201cEsta modificaci\u00f3n -por la eliminaci\u00f3n de la tarifa social- ha generado serias consecuencias para los hogares pampeanos beneficiarios de dicho r\u00e9gimen que, l\u00f3gicamente, resultan ser los usuarios con mayor vulnerabilidad social\u201d, dijo. \u201c<\/strong>El impacto y la trascendencia de la decisi\u00f3n del Gobierno nacional sobre tales familias es superlativa, dado que carecen de la capacidad de pago suficiente para afrontar el servicio el\u00e9ctrico definido desde la Naci\u00f3n\u201d.<\/p>\n<div class=\"g g-1\"><\/div>\n<div class=\"oasis-despues-del-contenido\" id=\"oasis-3143677980\"><img loading=\"lazy\" decoding=\"async\" src=\"https:\/\/oasisfm935.com.ar\/site\/wp-content\/uploads\/2020\/08\/47806202-8741-49f2-a5c9-d2f930e5baa1.jpg\" alt=\"\"  srcset=\"https:\/\/oasisfm935.com.ar\/site\/wp-content\/uploads\/2020\/08\/47806202-8741-49f2-a5c9-d2f930e5baa1.jpg 1080w, https:\/\/oasisfm935.com.ar\/site\/wp-content\/uploads\/2020\/08\/47806202-8741-49f2-a5c9-d2f930e5baa1-300x300.jpg 300w, https:\/\/oasisfm935.com.ar\/site\/wp-content\/uploads\/2020\/08\/47806202-8741-49f2-a5c9-d2f930e5baa1-1024x1024.jpg 1024w, https:\/\/oasisfm935.com.ar\/site\/wp-content\/uploads\/2020\/08\/47806202-8741-49f2-a5c9-d2f930e5baa1-150x150.jpg 150w, https:\/\/oasisfm935.com.ar\/site\/wp-content\/uploads\/2020\/08\/47806202-8741-49f2-a5c9-d2f930e5baa1-768x768.jpg 768w\" sizes=\"(max-width: 1080px) 100vw, 1080px\" class=\"no-lazyload\" width=\"1080\" height=\"1080\"  style=\"display: inline-block;\" \/><\/div>","protected":false},"excerpt":{"rendered":"<p>&nbsp; El gobernador Carlos Verna decidi\u00f3 crear el programa\u00a0Asistencia Social Pampeana\u00a0para el consumo de energ\u00eda el\u00e9ctrica. De esa manera,\u00a0subsidiar\u00e1 el consumo de<\/p>\n","protected":false},"author":4,"featured_media":746,"comment_status":"closed","ping_status":"open","sticky":false,"template":"","format":"standard","meta":{"colormag_page_layout":"default_layout","footnotes":""},"categories":[2],"tags":[],"class_list":["post-745","post","type-post","status-publish","format-standard","has-post-thumbnail","hentry","category-noticias"],"_links":{"self":[{"href":"https:\/\/oasisfm935.com.ar\/site\/wp-json\/wp\/v2\/posts\/745","targetHints":{"allow":["GET"]}}],"collection":[{"href":"https:\/\/oasisfm935.com.ar\/site\/wp-json\/wp\/v2\/posts"}],"about":[{"href":"https:\/\/oasisfm935.com.ar\/site\/wp-json\/wp\/v2\/types\/post"}],"author":[{"embeddable":true,"href":"https:\/\/oasisfm935.com.ar\/site\/wp-json\/wp\/v2\/users\/4"}],"replies":[{"embeddable":true,"href":"https:\/\/oasisfm935.com.ar\/site\/wp-json\/wp\/v2\/comments?post=745"}],"version-history":[{"count":1,"href":"https:\/\/oasisfm935.com.ar\/site\/wp-json\/wp\/v2\/posts\/745\/revisions"}],"predecessor-version":[{"id":747,"href":"https:\/\/oasisfm935.com.ar\/site\/wp-json\/wp\/v2\/posts\/745\/revisions\/747"}],"wp:featuredmedia":[{"embeddable":true,"href":"https:\/\/oasisfm935.com.ar\/site\/wp-json\/wp\/v2\/media\/746"}],"wp:attachment":[{"href":"https:\/\/oasisfm935.com.ar\/site\/wp-json\/wp\/v2\/media?parent=745"}],"wp:term":[{"taxonomy":"category","embeddable":true,"href":"https:\/\/oasisfm935.com.ar\/site\/wp-json\/wp\/v2\/categories?post=745"},{"taxonomy":"post_tag","embeddable":true,"href":"https:\/\/oasisfm935.com.ar\/site\/wp-json\/wp\/v2\/tags?post=745"}],"curies":[{"name":"wp","href":"https:\/\/api.w.org\/{rel}","templated":true}]}}