{"id":7473,"date":"2020-10-16T13:59:18","date_gmt":"2020-10-16T16:59:18","guid":{"rendered":"http:\/\/oasisfm935.com\/site\/?p=7473"},"modified":"2020-10-16T13:59:18","modified_gmt":"2020-10-16T16:59:18","slug":"la-pampa-desde-las-0-horas-del-sabado-trenel-pasa-a-fase-2","status":"publish","type":"post","link":"https:\/\/oasisfm935.com.ar\/site\/la-pampa-desde-las-0-horas-del-sabado-trenel-pasa-a-fase-2\/","title":{"rendered":"La Pampa: Desde las 0 horas del s\u00e1bado Trenel pasa a fase 2"},"content":{"rendered":"<p class=\"lead nota-detalle-bajada\">La medida entrar\u00e1 en vigencia a las 0 horas de ma\u00f1ana 17 de octubre y fue consensuada entre \u00a0el Intendente Horacio Lorenzo y las autoridades sanitarias de la provincia. \u00a0Las actividades econ\u00f3micas no se interrumpen, se limitan completamente las reuniones sociales y familiares, pero se habilit\u00f3 excepcionalmente la realizaci\u00f3n de este tipo de encuentros el pr\u00f3ximo domingo con\u00a0 motivo del D\u00eda de la Madre.<\/p>\n<div class=\"nota-detalle-cuerpo\">El pase a Fase dos dispone el Aislamiento Social, Preventivo y Voluntario como herramienta de contenci\u00f3n del COVID-19.<br \/>\nDurante la vigencia de la medida la libre circulaci\u00f3n de las personas dentro del l\u00edmite de la localidad queda restringida s\u00f3lo a casos de extrema necesidad. En igual sentido deben evitarse los traslados interurbanos desde o hacia la localidad afectada.<br \/>\nAsimismo se dispone que las oficinas p\u00fablicas provinciales, a trav\u00e9s de las autoridades competentes, deber\u00e1n prever guardias m\u00ednimas para asegurar la atenci\u00f3n al p\u00fablico, observando las medidas de prevenci\u00f3n respectivas. Se \u201cinvit\u00f3\u201d a la Municipalidad y a los Organismos Nacionales con sede en esa localidad a obrar en igual sentido.<br \/>\nSe suspenden las REUNIONES FAMILIARES Y SOCIALES EN DOMICILIOS PARTICULARES, pero se EXCEPTUA de esta prohibici\u00f3n las reuniones familiares previstas para el d\u00eda domingo 18 de octubre, con motivo de festejarse el \u201cD\u00eda de la Madre\u201d<br \/>\nEl Gobierno Provincial insta a la poblaci\u00f3n a actuar con COMPROMISO, SOLIDARIDAD y RESPONSABILIDAD SOCIAL, acatando las formas, condiciones y modalidades aconsejadas y las recomendaciones de las Autoridades Sanitarias Nacional y Provincial, teniendo en cuenta que la pandemia provocada por el Coronavirus \u2013COVID 19- involucra cuestiones sensibles de salud de toda la poblaci\u00f3n.<\/div>\n<div class=\"oasis-despues-del-contenido\" id=\"oasis-3799586284\"><img loading=\"lazy\" decoding=\"async\" src=\"https:\/\/oasisfm935.com.ar\/site\/wp-content\/uploads\/2020\/08\/47806202-8741-49f2-a5c9-d2f930e5baa1.jpg\" alt=\"\"  srcset=\"https:\/\/oasisfm935.com.ar\/site\/wp-content\/uploads\/2020\/08\/47806202-8741-49f2-a5c9-d2f930e5baa1.jpg 1080w, https:\/\/oasisfm935.com.ar\/site\/wp-content\/uploads\/2020\/08\/47806202-8741-49f2-a5c9-d2f930e5baa1-300x300.jpg 300w, https:\/\/oasisfm935.com.ar\/site\/wp-content\/uploads\/2020\/08\/47806202-8741-49f2-a5c9-d2f930e5baa1-1024x1024.jpg 1024w, https:\/\/oasisfm935.com.ar\/site\/wp-content\/uploads\/2020\/08\/47806202-8741-49f2-a5c9-d2f930e5baa1-150x150.jpg 150w, https:\/\/oasisfm935.com.ar\/site\/wp-content\/uploads\/2020\/08\/47806202-8741-49f2-a5c9-d2f930e5baa1-768x768.jpg 768w\" sizes=\"(max-width: 1080px) 100vw, 1080px\" class=\"no-lazyload\" width=\"1080\" height=\"1080\"  style=\"display: inline-block;\" \/><\/div>","protected":false},"excerpt":{"rendered":"<p>La medida entrar\u00e1 en vigencia a las 0 horas de ma\u00f1ana 17 de octubre y fue consensuada entre \u00a0el Intendente Horacio Lorenzo<\/p>\n","protected":false},"author":4,"featured_media":7474,"comment_status":"closed","ping_status":"open","sticky":false,"template":"","format":"standard","meta":{"colormag_page_layout":"default_layout","footnotes":""},"categories":[2],"tags":[],"class_list":["post-7473","post","type-post","status-publish","format-standard","has-post-thumbnail","hentry","category-noticias"],"_links":{"self":[{"href":"https:\/\/oasisfm935.com.ar\/site\/wp-json\/wp\/v2\/posts\/7473","targetHints":{"allow":["GET"]}}],"collection":[{"href":"https:\/\/oasisfm935.com.ar\/site\/wp-json\/wp\/v2\/posts"}],"about":[{"href":"https:\/\/oasisfm935.com.ar\/site\/wp-json\/wp\/v2\/types\/post"}],"author":[{"embeddable":true,"href":"https:\/\/oasisfm935.com.ar\/site\/wp-json\/wp\/v2\/users\/4"}],"replies":[{"embeddable":true,"href":"https:\/\/oasisfm935.com.ar\/site\/wp-json\/wp\/v2\/comments?post=7473"}],"version-history":[{"count":1,"href":"https:\/\/oasisfm935.com.ar\/site\/wp-json\/wp\/v2\/posts\/7473\/revisions"}],"predecessor-version":[{"id":7475,"href":"https:\/\/oasisfm935.com.ar\/site\/wp-json\/wp\/v2\/posts\/7473\/revisions\/7475"}],"wp:featuredmedia":[{"embeddable":true,"href":"https:\/\/oasisfm935.com.ar\/site\/wp-json\/wp\/v2\/media\/7474"}],"wp:attachment":[{"href":"https:\/\/oasisfm935.com.ar\/site\/wp-json\/wp\/v2\/media?parent=7473"}],"wp:term":[{"taxonomy":"category","embeddable":true,"href":"https:\/\/oasisfm935.com.ar\/site\/wp-json\/wp\/v2\/categories?post=7473"},{"taxonomy":"post_tag","embeddable":true,"href":"https:\/\/oasisfm935.com.ar\/site\/wp-json\/wp\/v2\/tags?post=7473"}],"curies":[{"name":"wp","href":"https:\/\/api.w.org\/{rel}","templated":true}]}}