{"id":7477,"date":"2020-10-16T14:07:42","date_gmt":"2020-10-16T17:07:42","guid":{"rendered":"http:\/\/oasisfm935.com\/site\/?p=7477"},"modified":"2020-10-16T14:12:52","modified_gmt":"2020-10-16T17:12:52","slug":"la-pampa-covid-19-234-muestras-48-positivos-ingeniero-luiggi-continua-con-9-casos","status":"publish","type":"post","link":"https:\/\/oasisfm935.com.ar\/site\/la-pampa-covid-19-234-muestras-48-positivos-ingeniero-luiggi-continua-con-9-casos\/","title":{"rendered":"La Pampa COVID-19: 234 muestras, 48 positivos Ingeniero Luiggi contin\u00faa con 9 casos."},"content":{"rendered":"<p>El Gobierno de la provincia de La Pampa a trav\u00e9s del Ministerio de Salud comunica que en horas de la ma\u00f1ana del d\u00eda 16 de octubre, se finaliz\u00f3 con el procesamiento de\u00a0 234\u00a0 muestras analizadas en los laboratorios de la Direcci\u00f3n de Epidemiolog\u00eda y del hospital Gobernador Centeno y Lucio Molas, de las cuales 48 resultaron positivas\u00a0 para COVID-19.<\/p>\n<p>De estas, 20 personas residen en Santa Rosa,\u00a0 17 en General Pico, 6\u00a0 en Toay, 2 en La Adela , 2 en Castex, 1 en Trenel. De los 48 casos confirmados en la ma\u00f1ana de hoy,\u00a0 38 se encontraban aislados por ser considerados contactos estrechos, mientras que 10 casos contin\u00faan en investigaci\u00f3n epidemiol\u00f3gica.<\/p>\n<p>Fe de erratas<\/p>\n<p>Una persona que en el d\u00eda de ayer fue informada como un caso positivo de la localidad de Realic\u00f3, en el curso de la investigaci\u00f3n se confirm\u00f3 que resid\u00eda en la localidad de Maisonave.<\/p>\n<p>Situaci\u00f3n Provincial<\/p>\n<p>Desde el inicio de la pandemia, en nuestra provincia, se registraron un total 1388 casos positivos para COVID-19, de los cuales\u00a0 544 permanecen activos, 15 han fallecido y 829 se han recuperado, entre estos \u00faltimos se encuentran 10 personas de Santa Rosa 2 de Realic\u00f3, 2 de Winifreda, 2 de Toay y 2 de Macach\u00edn.\u00a0 Los casos confirmados activos est\u00e1n distribuidos de la siguiente manera: 281 en la ciudad de Santa Rosa, 127 en General Pico, 34 en 25 de mayo, 10 en Winifreda, 30 en Toay, 21 en Trenel,\u00a0 8 en Quem\u00fa Quem\u00fa, 5\u00a0 en Alvear,\u00a0 1 en Realic\u00f3, 9 en Luiggi, 6 en Maisonave,\u00a0 1 Colonia Bar\u00f3n, 3 en Guatrach\u00e9, 4 en La Adela, 2 en Castex,\u00a0 1 en Catril\u00f3,\u00a0 y\u00a0 1 en Larroud\u00e9.<\/p>\n<p>Al d\u00eda de la fecha se encuentran aisladas un total de 5820 personas en toda la provincia.<\/p>\n<p>Se encuentran internadas 26 personas confirmadas para COVID-19. En General Pico 9\u00a0 personas, 8\u00a0 en modulares y 1 en Terapia Intensiva. En el Centro de Enfermedades de Asistencia Respiratoria de Santa Rosa, se encuentran internadas 17 personas, de ellas 11 en cl\u00ednica m\u00e9dica y 6 en terapia intensiva.<\/p>\n<p><a href=\"http:\/\/oasisfm935.com\/site\/wp-content\/uploads\/2020\/10\/5f89ca27ca9fe.jpg\"><img loading=\"lazy\" decoding=\"async\" class=\"alignnone size-full wp-image-7482\" src=\"http:\/\/oasisfm935.com\/site\/wp-content\/uploads\/2020\/10\/5f89ca27ca9fe.jpg\" alt=\"\" width=\"1252\" height=\"1002\" srcset=\"https:\/\/oasisfm935.com.ar\/site\/wp-content\/uploads\/2020\/10\/5f89ca27ca9fe.jpg 1252w, https:\/\/oasisfm935.com.ar\/site\/wp-content\/uploads\/2020\/10\/5f89ca27ca9fe-300x240.jpg 300w, https:\/\/oasisfm935.com.ar\/site\/wp-content\/uploads\/2020\/10\/5f89ca27ca9fe-1024x820.jpg 1024w, https:\/\/oasisfm935.com.ar\/site\/wp-content\/uploads\/2020\/10\/5f89ca27ca9fe-768x615.jpg 768w\" sizes=\"auto, (max-width: 1252px) 100vw, 1252px\" \/><\/a><\/p>\n<div class=\"oasis-despues-del-contenido\" id=\"oasis-455457138\"><img loading=\"lazy\" decoding=\"async\" src=\"https:\/\/oasisfm935.com.ar\/site\/wp-content\/uploads\/2020\/08\/47806202-8741-49f2-a5c9-d2f930e5baa1.jpg\" alt=\"\"  srcset=\"https:\/\/oasisfm935.com.ar\/site\/wp-content\/uploads\/2020\/08\/47806202-8741-49f2-a5c9-d2f930e5baa1.jpg 1080w, https:\/\/oasisfm935.com.ar\/site\/wp-content\/uploads\/2020\/08\/47806202-8741-49f2-a5c9-d2f930e5baa1-300x300.jpg 300w, https:\/\/oasisfm935.com.ar\/site\/wp-content\/uploads\/2020\/08\/47806202-8741-49f2-a5c9-d2f930e5baa1-1024x1024.jpg 1024w, https:\/\/oasisfm935.com.ar\/site\/wp-content\/uploads\/2020\/08\/47806202-8741-49f2-a5c9-d2f930e5baa1-150x150.jpg 150w, https:\/\/oasisfm935.com.ar\/site\/wp-content\/uploads\/2020\/08\/47806202-8741-49f2-a5c9-d2f930e5baa1-768x768.jpg 768w\" sizes=\"(max-width: 1080px) 100vw, 1080px\" class=\"no-lazyload\" width=\"1080\" height=\"1080\"  style=\"display: inline-block;\" \/><\/div>","protected":false},"excerpt":{"rendered":"<p>El Gobierno de la provincia de La Pampa a trav\u00e9s del Ministerio de Salud comunica que en horas de la ma\u00f1ana del<\/p>\n","protected":false},"author":4,"featured_media":7478,"comment_status":"closed","ping_status":"open","sticky":false,"template":"","format":"standard","meta":{"colormag_page_layout":"default_layout","footnotes":""},"categories":[2],"tags":[],"class_list":["post-7477","post","type-post","status-publish","format-standard","has-post-thumbnail","hentry","category-noticias"],"_links":{"self":[{"href":"https:\/\/oasisfm935.com.ar\/site\/wp-json\/wp\/v2\/posts\/7477","targetHints":{"allow":["GET"]}}],"collection":[{"href":"https:\/\/oasisfm935.com.ar\/site\/wp-json\/wp\/v2\/posts"}],"about":[{"href":"https:\/\/oasisfm935.com.ar\/site\/wp-json\/wp\/v2\/types\/post"}],"author":[{"embeddable":true,"href":"https:\/\/oasisfm935.com.ar\/site\/wp-json\/wp\/v2\/users\/4"}],"replies":[{"embeddable":true,"href":"https:\/\/oasisfm935.com.ar\/site\/wp-json\/wp\/v2\/comments?post=7477"}],"version-history":[{"count":4,"href":"https:\/\/oasisfm935.com.ar\/site\/wp-json\/wp\/v2\/posts\/7477\/revisions"}],"predecessor-version":[{"id":7483,"href":"https:\/\/oasisfm935.com.ar\/site\/wp-json\/wp\/v2\/posts\/7477\/revisions\/7483"}],"wp:featuredmedia":[{"embeddable":true,"href":"https:\/\/oasisfm935.com.ar\/site\/wp-json\/wp\/v2\/media\/7478"}],"wp:attachment":[{"href":"https:\/\/oasisfm935.com.ar\/site\/wp-json\/wp\/v2\/media?parent=7477"}],"wp:term":[{"taxonomy":"category","embeddable":true,"href":"https:\/\/oasisfm935.com.ar\/site\/wp-json\/wp\/v2\/categories?post=7477"},{"taxonomy":"post_tag","embeddable":true,"href":"https:\/\/oasisfm935.com.ar\/site\/wp-json\/wp\/v2\/tags?post=7477"}],"curies":[{"name":"wp","href":"https:\/\/api.w.org\/{rel}","templated":true}]}}