{"id":7487,"date":"2020-10-16T18:10:17","date_gmt":"2020-10-16T21:10:17","guid":{"rendered":"http:\/\/oasisfm935.com\/site\/?p=7487"},"modified":"2020-10-16T18:12:48","modified_gmt":"2020-10-16T21:12:48","slug":"ingeniero-luiggi-se-puso-en-marcha-la-obra-del-jin-n-15","status":"publish","type":"post","link":"https:\/\/oasisfm935.com.ar\/site\/ingeniero-luiggi-se-puso-en-marcha-la-obra-del-jin-n-15\/","title":{"rendered":"Ingeniero Luiggi: Se puso en marcha la obra del JIN N\u00b0 15"},"content":{"rendered":"<p>Se reactivo\u00a0 la obra inconclusa del gobierno nacional anterior, y que fuese licitada hace unos meses atr\u00e1s por el gobierno provincial. El plazo de ejecuci\u00f3n es de 180 d\u00edas.<\/p>\n<p><img decoding=\"async\" src=\"https:\/\/scontent.frsa4-1.fna.fbcdn.net\/v\/t1.0-9\/121550198_3467964756620332_8638048928609084613_n.jpg?_nc_cat=104&amp;_nc_sid=110474&amp;_nc_eui2=AeGdWaGW4woHbRE2HSBSn8h7XZDoj5oNN0RdkOiPmg03REu1JSA2vZPmCiS0fZGTkelANpXw3IxdbW8wgo3U-Xrl&amp;_nc_ohc=i8KxEKtJOVMAX8HTQ67&amp;_nc_ht=scontent.frsa4-1.fna&amp;oh=7f5d1d0424431629cdb96e660e303e89&amp;oe=5FB170B2\" alt=\"La imagen puede contener: una o varias personas y personas de pie\" \/><\/p>\n<p>Se recorri\u00f3 la Obra conjuntamente con la directora del JIN N\u00b0 15 Claudia Vicente y la Secretaria Rosana Allochis quienes son las que conocen las necesidades y funcionamiento de la Instituci\u00f3n.<\/p>\n<p><img decoding=\"async\" src=\"https:\/\/scontent.frsa4-1.fna.fbcdn.net\/v\/t1.0-9\/121591717_3467964516620356_1580999875724480556_n.jpg?_nc_cat=106&amp;_nc_sid=110474&amp;_nc_eui2=AeG9LzkVeHrwBRAUDKjofTH_3cpECMt1-5vdykQIy3X7m8r_QvuBzeuBk1-CVSA1KWZKUZsTpa545jld-Rp3kiVW&amp;_nc_ohc=6MVudKVOZNUAX9-qWF_&amp;_nc_ht=scontent.frsa4-1.fna&amp;oh=a5de2b97e195666a01704c19b394ea7c&amp;oe=5FB16572\" alt=\"La imagen puede contener: una o varias personas, personas de pie, exterior y naturaleza\" \/><\/p>\n<p>Viene a dar respuesta a la necesidad del incremento de la matr\u00edcula de las infancias en el sistema educativo de nuestro pueblo.<\/p>\n<div class=\"oasis-despues-del-contenido\" id=\"oasis-3165044085\"><img loading=\"lazy\" decoding=\"async\" src=\"https:\/\/oasisfm935.com.ar\/site\/wp-content\/uploads\/2020\/08\/47806202-8741-49f2-a5c9-d2f930e5baa1.jpg\" alt=\"\"  srcset=\"https:\/\/oasisfm935.com.ar\/site\/wp-content\/uploads\/2020\/08\/47806202-8741-49f2-a5c9-d2f930e5baa1.jpg 1080w, https:\/\/oasisfm935.com.ar\/site\/wp-content\/uploads\/2020\/08\/47806202-8741-49f2-a5c9-d2f930e5baa1-300x300.jpg 300w, https:\/\/oasisfm935.com.ar\/site\/wp-content\/uploads\/2020\/08\/47806202-8741-49f2-a5c9-d2f930e5baa1-1024x1024.jpg 1024w, https:\/\/oasisfm935.com.ar\/site\/wp-content\/uploads\/2020\/08\/47806202-8741-49f2-a5c9-d2f930e5baa1-150x150.jpg 150w, https:\/\/oasisfm935.com.ar\/site\/wp-content\/uploads\/2020\/08\/47806202-8741-49f2-a5c9-d2f930e5baa1-768x768.jpg 768w\" sizes=\"(max-width: 1080px) 100vw, 1080px\" class=\"no-lazyload\" width=\"1080\" height=\"1080\"  style=\"display: inline-block;\" \/><\/div>","protected":false},"excerpt":{"rendered":"<p>Se reactivo\u00a0 la obra inconclusa del gobierno nacional anterior, y que fuese licitada hace unos meses atr\u00e1s por el gobierno provincial. El<\/p>\n","protected":false},"author":4,"featured_media":7488,"comment_status":"closed","ping_status":"open","sticky":false,"template":"","format":"standard","meta":{"colormag_page_layout":"default_layout","footnotes":""},"categories":[2],"tags":[],"class_list":["post-7487","post","type-post","status-publish","format-standard","has-post-thumbnail","hentry","category-noticias"],"_links":{"self":[{"href":"https:\/\/oasisfm935.com.ar\/site\/wp-json\/wp\/v2\/posts\/7487","targetHints":{"allow":["GET"]}}],"collection":[{"href":"https:\/\/oasisfm935.com.ar\/site\/wp-json\/wp\/v2\/posts"}],"about":[{"href":"https:\/\/oasisfm935.com.ar\/site\/wp-json\/wp\/v2\/types\/post"}],"author":[{"embeddable":true,"href":"https:\/\/oasisfm935.com.ar\/site\/wp-json\/wp\/v2\/users\/4"}],"replies":[{"embeddable":true,"href":"https:\/\/oasisfm935.com.ar\/site\/wp-json\/wp\/v2\/comments?post=7487"}],"version-history":[{"count":3,"href":"https:\/\/oasisfm935.com.ar\/site\/wp-json\/wp\/v2\/posts\/7487\/revisions"}],"predecessor-version":[{"id":7491,"href":"https:\/\/oasisfm935.com.ar\/site\/wp-json\/wp\/v2\/posts\/7487\/revisions\/7491"}],"wp:featuredmedia":[{"embeddable":true,"href":"https:\/\/oasisfm935.com.ar\/site\/wp-json\/wp\/v2\/media\/7488"}],"wp:attachment":[{"href":"https:\/\/oasisfm935.com.ar\/site\/wp-json\/wp\/v2\/media?parent=7487"}],"wp:term":[{"taxonomy":"category","embeddable":true,"href":"https:\/\/oasisfm935.com.ar\/site\/wp-json\/wp\/v2\/categories?post=7487"},{"taxonomy":"post_tag","embeddable":true,"href":"https:\/\/oasisfm935.com.ar\/site\/wp-json\/wp\/v2\/tags?post=7487"}],"curies":[{"name":"wp","href":"https:\/\/api.w.org\/{rel}","templated":true}]}}