{"id":7513,"date":"2020-10-17T17:46:20","date_gmt":"2020-10-17T20:46:20","guid":{"rendered":"http:\/\/oasisfm935.com\/site\/?p=7513"},"modified":"2020-10-17T17:46:20","modified_gmt":"2020-10-17T20:46:20","slug":"tiene-razon-sergio-ziliotto-dios-debe-ser-peronista-dijo-alberto","status":"publish","type":"post","link":"https:\/\/oasisfm935.com.ar\/site\/tiene-razon-sergio-ziliotto-dios-debe-ser-peronista-dijo-alberto\/","title":{"rendered":"\u201cTiene raz\u00f3n Sergio Ziliotto: Dios debe ser peronista\u201d, dijo Alberto"},"content":{"rendered":"<p><strong>El peronismo festej\u00f3 el 17 de octubre<\/strong>. La actividad por el<strong>\u00a0D\u00eda de la Lealtad\u00a0<\/strong>se desarroll\u00f3 en modalidad virtual y se inici\u00f3 esta tarde por las redes sociales, aunque la jornada arranc\u00f3 m\u00e1s temprano con una caravana por el centro porte\u00f1o y una visita oficial de Alberto Fern\u00e1ndez a la Isla Mart\u00edn Garc\u00eda, el emblem\u00e1tico sitio donde estuvo detenido Juan Domingo Per\u00f3n hace 75 a\u00f1os antes de ser liberado tras una masiva marcha en la Plaza de Mayo. El acto en la CGT arranc\u00f3 a las 15 en el sal\u00f3n Felipe Vallese. All\u00ed Alberto Fern\u00e1ndez fue el \u00fanico orador por la fecha conmemorativa, con un discurso que se inici\u00f3 antes de las 17.<\/p>\n<p><strong>\u201cEl 17 de octubre la historia cambi\u00f3 para siempre\u201d, dijo.<\/strong>\u00a0All\u00ed incluso tuvo un p\u00e1rrafo destacado para el gobernador pampeano Sergio Ziliotto. \u201c<strong>Hoy el gobernador de La Pampa me dijo que Dios debe ser peronista<\/strong>.\u00a0<strong>Sergio Ziliotto me dijo que menos mal que el peronismo est\u00e1 gobernando la Argentina en este momento. Tiene raz\u00f3n Sergio. En todos estos meses, nuestra mayor preocupaci\u00f3n es que nadie sufra m\u00e1s que esta pandemia<\/strong>\u201d, manifest\u00f3.<\/p>\n<p>\u201cA la Argentina enferma (por la pandemia) la curar\u00e1 el peronismo y sin los odios de los que fue v\u00edctima a lo largo de su historia\u201d, expres\u00f3.<\/p>\n<p>El d\u00eda tuvo una ausencia clave:\u00a0<strong>Cristina Kirchner no fue de la partida en la central obrera<\/strong>. La CGT no es el lugar ideal para la vicepresidenta, quien mantiene un historial de desencuentros con los dirigentes del movimiento obrero.<\/p>\n<p>El presidente dijo que \u201cel peronismo siempre mantuvo la regla de ser leal a su pueblo\u201d, ponder\u00f3 los gobiernos de N\u00e9stor y Cristina Fern\u00e1ndez de Kirchner, que \u201cle dieron derechos a las minor\u00edas\u201d, y afirm\u00f3 que su gesti\u00f3n ser\u00e1 recordada como la que \u201cdebi\u00f3 superar la pandemia\u201d de coronavirus.<\/p>\n<p>Dijo que \u201cpasaron 75 a\u00f1os\u201d del 17 de octubre de 1945 y manifest\u00f3 que \u201cel peronismo siempre mantuvo las reglas de solidaridad\u201d en el pa\u00eds. \u201cPer\u00f3n y Evita fueron leales cuando a su pueblo le dieron los derechos para ser parte de la sociedad, que les negaban un lugar\u201d, afirm\u00f3. \u201cN\u00e9stor vino a\u00f1os despu\u00e9s y su lealtad les permiti\u00f3 recuperarse despu\u00e9s del 2002, y despu\u00e9s vino Cristina\u201d.<\/p>\n<div class=\"oasis-despues-del-contenido\" id=\"oasis-2920382660\"><img loading=\"lazy\" decoding=\"async\" src=\"https:\/\/oasisfm935.com.ar\/site\/wp-content\/uploads\/2020\/08\/47806202-8741-49f2-a5c9-d2f930e5baa1.jpg\" alt=\"\"  srcset=\"https:\/\/oasisfm935.com.ar\/site\/wp-content\/uploads\/2020\/08\/47806202-8741-49f2-a5c9-d2f930e5baa1.jpg 1080w, https:\/\/oasisfm935.com.ar\/site\/wp-content\/uploads\/2020\/08\/47806202-8741-49f2-a5c9-d2f930e5baa1-300x300.jpg 300w, https:\/\/oasisfm935.com.ar\/site\/wp-content\/uploads\/2020\/08\/47806202-8741-49f2-a5c9-d2f930e5baa1-1024x1024.jpg 1024w, https:\/\/oasisfm935.com.ar\/site\/wp-content\/uploads\/2020\/08\/47806202-8741-49f2-a5c9-d2f930e5baa1-150x150.jpg 150w, https:\/\/oasisfm935.com.ar\/site\/wp-content\/uploads\/2020\/08\/47806202-8741-49f2-a5c9-d2f930e5baa1-768x768.jpg 768w\" sizes=\"(max-width: 1080px) 100vw, 1080px\" class=\"no-lazyload\" width=\"1080\" height=\"1080\"  style=\"display: inline-block;\" \/><\/div>","protected":false},"excerpt":{"rendered":"<p>El peronismo festej\u00f3 el 17 de octubre. La actividad por el\u00a0D\u00eda de la Lealtad\u00a0se desarroll\u00f3 en modalidad virtual y se inici\u00f3 esta<\/p>\n","protected":false},"author":4,"featured_media":7514,"comment_status":"closed","ping_status":"open","sticky":false,"template":"","format":"standard","meta":{"colormag_page_layout":"default_layout","footnotes":""},"categories":[2],"tags":[],"class_list":["post-7513","post","type-post","status-publish","format-standard","has-post-thumbnail","hentry","category-noticias"],"_links":{"self":[{"href":"https:\/\/oasisfm935.com.ar\/site\/wp-json\/wp\/v2\/posts\/7513","targetHints":{"allow":["GET"]}}],"collection":[{"href":"https:\/\/oasisfm935.com.ar\/site\/wp-json\/wp\/v2\/posts"}],"about":[{"href":"https:\/\/oasisfm935.com.ar\/site\/wp-json\/wp\/v2\/types\/post"}],"author":[{"embeddable":true,"href":"https:\/\/oasisfm935.com.ar\/site\/wp-json\/wp\/v2\/users\/4"}],"replies":[{"embeddable":true,"href":"https:\/\/oasisfm935.com.ar\/site\/wp-json\/wp\/v2\/comments?post=7513"}],"version-history":[{"count":1,"href":"https:\/\/oasisfm935.com.ar\/site\/wp-json\/wp\/v2\/posts\/7513\/revisions"}],"predecessor-version":[{"id":7515,"href":"https:\/\/oasisfm935.com.ar\/site\/wp-json\/wp\/v2\/posts\/7513\/revisions\/7515"}],"wp:featuredmedia":[{"embeddable":true,"href":"https:\/\/oasisfm935.com.ar\/site\/wp-json\/wp\/v2\/media\/7514"}],"wp:attachment":[{"href":"https:\/\/oasisfm935.com.ar\/site\/wp-json\/wp\/v2\/media?parent=7513"}],"wp:term":[{"taxonomy":"category","embeddable":true,"href":"https:\/\/oasisfm935.com.ar\/site\/wp-json\/wp\/v2\/categories?post=7513"},{"taxonomy":"post_tag","embeddable":true,"href":"https:\/\/oasisfm935.com.ar\/site\/wp-json\/wp\/v2\/tags?post=7513"}],"curies":[{"name":"wp","href":"https:\/\/api.w.org\/{rel}","templated":true}]}}