{"id":7523,"date":"2020-10-18T20:44:07","date_gmt":"2020-10-18T23:44:07","guid":{"rendered":"http:\/\/oasisfm935.com\/site\/?p=7523"},"modified":"2020-10-18T20:44:07","modified_gmt":"2020-10-18T23:44:07","slug":"covid-19-detectaron-88-nuevos-casos-de-coronavirus-en-la-pampa-ingeniero-luiggi-continua-con-10-activos","status":"publish","type":"post","link":"https:\/\/oasisfm935.com.ar\/site\/covid-19-detectaron-88-nuevos-casos-de-coronavirus-en-la-pampa-ingeniero-luiggi-continua-con-10-activos\/","title":{"rendered":"COVID-19: Detectaron 88 nuevos casos de Coronavirus en La Pampa, Ingeniero Luiggi contin\u00faa con 10 activos."},"content":{"rendered":"<p>De ellos 65 eran contactos estrechos y 23 contin\u00faan en etapa de investigaci\u00f3n. Hasta el presente reporte, en La Pampa, hay 6.975 personas aisladas.<\/p>\n<p>El Gobierno de la Provincia de La Pampa, a trav\u00e9s del Ministerio de Salud, comunic\u00f3 que en horas de la tarde del d\u00eda 18 de octubre se finaliz\u00f3 con el procesamiento de 320 muestras en los laboratorios de la Direcci\u00f3n de Epidemiolog\u00eda y del Establecimiento Asistencial Gobernador Centeno y Lucio Molas, de las cuales 88 resultaron positivas para COVID-19.\u00a0 De ellas 33 personas residen en la ciudad de Santa Rosa, 26 en General Pico, 5 en Eduardo Castex, 5 en Quem\u00fa Quem\u00fa, 5 en Toay, 4 en Trenel, 3 en Intendente Alvear, 2 en Uriburu, 1 en Anguil, 1en Macach\u00edn, 1 en Guatrach\u00e9, 1 en Bernasconi y 1 en La Adela.\u00a0 De los 88 casos confirmados en la tarde de hoy, 65 se encontraban aislados por ser considerados contactos estrechos, mientras que 23 casos contin\u00faan en etapa de investigaci\u00f3n epidemiol\u00f3gica<\/p>\n<p><strong>Situaci\u00f3n provincial:\u00a0<\/strong><br \/>\nDesde el inicio de la pandemia, en La Pampa, se registraron un total de 1.645 casos positivos para COVID-19, de los cuales 732 permanecen activos, 17 han fallecido y 896 se han recuperado, entre estos \u00faltimos se encuentran, 11 personas de Santa Rosa, 4 de Toay y 1 de Colonia Bar\u00f3n. Los casos confirmados activos est\u00e1n distribuidos de la siguiente manera: 391 en la ciudad de Santa Rosa, 176 en General Pico, 32 en 25 de Mayo, 6 en Winifreda, 34 en Toay, 31 en Trenel, 11 en Quem\u00fa Quem\u00fa, 9 en Intendente Alvear, 1 en Realic\u00f3, 10 en Ingeniero Luiggi, 5 en Maisonnave, 6 en Guatrach\u00e9, 5 en La Adela, 8 en Eduardo Castex, 2 en Uriburu, 1 en Catril\u00f3, 1 en Tril\u00ed, 1 en Anguil, 1 en Bernasconi y 1 en Macah\u00edn.<br \/>\nAl d\u00eda de la fecha se encuentran aisladas un total de 6.975 personas en toda la Provincia.<br \/>\n<strong>Rango etario de las personas internadas<\/strong><\/p>\n<p>Se encuentran internados 33 pacientes confirmadas para COVID-19. En General Pico 12 pacientes: 11 en modulares y 1 en sala de terapia intensiva. En el Centro Emergente de Asistencia Respiratoria (CEAR) de Santa Rosa, se encuentran internados 21 pacientes, de ellos 14 en cl\u00ednica m\u00e9dica y 7 en sala de terapia intensiva.<br \/>\nLa edad promedio de los pacientes internados en terapia intensiva es de 58,7 a\u00f1os (entre 34 y 69).<\/p>\n<div class=\"oasis-despues-del-contenido\" id=\"oasis-2428017796\"><img loading=\"lazy\" decoding=\"async\" src=\"https:\/\/oasisfm935.com.ar\/site\/wp-content\/uploads\/2020\/08\/47806202-8741-49f2-a5c9-d2f930e5baa1.jpg\" alt=\"\"  srcset=\"https:\/\/oasisfm935.com.ar\/site\/wp-content\/uploads\/2020\/08\/47806202-8741-49f2-a5c9-d2f930e5baa1.jpg 1080w, https:\/\/oasisfm935.com.ar\/site\/wp-content\/uploads\/2020\/08\/47806202-8741-49f2-a5c9-d2f930e5baa1-300x300.jpg 300w, https:\/\/oasisfm935.com.ar\/site\/wp-content\/uploads\/2020\/08\/47806202-8741-49f2-a5c9-d2f930e5baa1-1024x1024.jpg 1024w, https:\/\/oasisfm935.com.ar\/site\/wp-content\/uploads\/2020\/08\/47806202-8741-49f2-a5c9-d2f930e5baa1-150x150.jpg 150w, https:\/\/oasisfm935.com.ar\/site\/wp-content\/uploads\/2020\/08\/47806202-8741-49f2-a5c9-d2f930e5baa1-768x768.jpg 768w\" sizes=\"(max-width: 1080px) 100vw, 1080px\" class=\"no-lazyload\" width=\"1080\" height=\"1080\"  style=\"display: inline-block;\" \/><\/div>","protected":false},"excerpt":{"rendered":"<p>De ellos 65 eran contactos estrechos y 23 contin\u00faan en etapa de investigaci\u00f3n. Hasta el presente reporte, en La Pampa, hay 6.975<\/p>\n","protected":false},"author":4,"featured_media":7524,"comment_status":"closed","ping_status":"open","sticky":false,"template":"","format":"standard","meta":{"colormag_page_layout":"default_layout","footnotes":""},"categories":[2],"tags":[],"class_list":["post-7523","post","type-post","status-publish","format-standard","has-post-thumbnail","hentry","category-noticias"],"_links":{"self":[{"href":"https:\/\/oasisfm935.com.ar\/site\/wp-json\/wp\/v2\/posts\/7523","targetHints":{"allow":["GET"]}}],"collection":[{"href":"https:\/\/oasisfm935.com.ar\/site\/wp-json\/wp\/v2\/posts"}],"about":[{"href":"https:\/\/oasisfm935.com.ar\/site\/wp-json\/wp\/v2\/types\/post"}],"author":[{"embeddable":true,"href":"https:\/\/oasisfm935.com.ar\/site\/wp-json\/wp\/v2\/users\/4"}],"replies":[{"embeddable":true,"href":"https:\/\/oasisfm935.com.ar\/site\/wp-json\/wp\/v2\/comments?post=7523"}],"version-history":[{"count":1,"href":"https:\/\/oasisfm935.com.ar\/site\/wp-json\/wp\/v2\/posts\/7523\/revisions"}],"predecessor-version":[{"id":7525,"href":"https:\/\/oasisfm935.com.ar\/site\/wp-json\/wp\/v2\/posts\/7523\/revisions\/7525"}],"wp:featuredmedia":[{"embeddable":true,"href":"https:\/\/oasisfm935.com.ar\/site\/wp-json\/wp\/v2\/media\/7524"}],"wp:attachment":[{"href":"https:\/\/oasisfm935.com.ar\/site\/wp-json\/wp\/v2\/media?parent=7523"}],"wp:term":[{"taxonomy":"category","embeddable":true,"href":"https:\/\/oasisfm935.com.ar\/site\/wp-json\/wp\/v2\/categories?post=7523"},{"taxonomy":"post_tag","embeddable":true,"href":"https:\/\/oasisfm935.com.ar\/site\/wp-json\/wp\/v2\/tags?post=7523"}],"curies":[{"name":"wp","href":"https:\/\/api.w.org\/{rel}","templated":true}]}}