{"id":754,"date":"2019-02-16T10:08:04","date_gmt":"2019-02-16T13:08:04","guid":{"rendered":"http:\/\/oasisfm935.com\/site\/?p=754"},"modified":"2019-02-16T10:08:04","modified_gmt":"2019-02-16T13:08:04","slug":"fallecio-un-joven-de-luiggi-en-un-choque-frontal-entre-buchardo-y-serrano","status":"publish","type":"post","link":"https:\/\/oasisfm935.com.ar\/site\/fallecio-un-joven-de-luiggi-en-un-choque-frontal-entre-buchardo-y-serrano\/","title":{"rendered":"Falleci\u00f3 un joven de Luiggi en un choque frontal entre Buchardo y Serrano"},"content":{"rendered":"<p>&nbsp;<\/p>\n<div class=\"itemIntroText\">\n<p><strong>Un joven de Ingeniero Luiggi perdi\u00f3 su vida en forma tr\u00e1gica esta madrugada tras colisionar de manera frontal con un cami\u00f3n Mercedes Benz 1114 en la ruta provincial 4 en cercan\u00edas de la localidad de Buchardo.<\/strong><\/p>\n<\/div>\n<div class=\"itemFullText\">\n<blockquote><p>Se trata de Santiago Luis Ferreyra de 21 a\u00f1os, oriundo de Ingeniero Luiggi, quien conduc\u00eda un Renault Sandero Stepway, que por causas que se investigan, impact\u00f3 de manera frontal con un cami\u00f3n Mercedes Benz 1114 conducido por Edgardo Celis, de 52 a\u00f1os de edad con domicilio en la localidad de Pozo del Molle (C\u00f3rdoba)<\/p><\/blockquote>\n<p><strong>El terrible accidente frontal se produjo alrededor de las 5 de este sa\u00e1bado en la ruta provincial 4 entre las localidades de Buchardo y Serrano.<\/strong><\/p>\n<p>El transporte pesado circulaba en sentido sur norte y por razones\u00a0 que se intentan establecer colision\u00f3 frontalmente con el automotor que transitaba en sentido contrario.<\/p>\n<ul>\n<li><a href=\"http:\/\/oasisfm935.com\/site\/wp-content\/uploads\/2019\/02\/download.jpeg\"><img loading=\"lazy\" decoding=\"async\" class=\"alignnone size-full wp-image-755\" src=\"http:\/\/oasisfm935.com\/site\/wp-content\/uploads\/2019\/02\/download.jpeg\" alt=\"\" width=\"640\" height=\"360\" srcset=\"https:\/\/oasisfm935.com.ar\/site\/wp-content\/uploads\/2019\/02\/download.jpeg 640w, https:\/\/oasisfm935.com.ar\/site\/wp-content\/uploads\/2019\/02\/download-300x169.jpeg 300w\" sizes=\"auto, (max-width: 640px) 100vw, 640px\" \/><\/a><\/li>\n<\/ul>\n<blockquote><p>El conductor del rodado menor, Ferreyra, fue trasladado al Hospital de Serrano donde a las 05:25 hs se certific\u00f3 su deceso a ra\u00edz de los graves traumatismos sufridos.<\/p><\/blockquote>\n<p>En tanto que el conductor del veh\u00edculo de mayor porte se encuentra en buen estado de salud, indic\u00f3 FM Centro de Villa Huidobro.<\/p>\n<p><strong>La ruta 4 permaneci\u00f3 cortada \u00a0hasta finalizar las pericias\u00a0 accidentol\u00f3gicas.<\/strong><\/p>\n<p>Interviene la Fiscal\u00eda de Instrucci\u00f3n de la ciudad de Huinca Renanc\u00f3 quien orden\u00f3 la realizaci\u00f3n de una autopsia correspondiente y las pericias de rigor.<\/p>\n<hr \/>\n<p><strong>Hondo pesar<\/strong><\/p>\n<blockquote><p>La noticia gener\u00f3 consternaci\u00f3n en toda la comunidad de Ingeniero Luiggi, ya que Santiago era un joven muy querido por todos en la localidad y la zona, muy carism\u00e1tico y muy sociable.<\/p><\/blockquote>\n<p><strong>Santiago estaba haciendo una carrera vinculada con la m\u00fasica en Villa Mercedes, y en este momento se encontraba de vacaciones, lo apodaban \u201cel misionero\u201d, y era \u00fanico hijo de una familia muy querida de Ingeniero Luiggi. Su madre es la coordinadora de Educaci\u00f3n Primaria de la Zona II.<br \/>\n<\/strong><\/p>\n<p><a href=\"http:\/\/oasisfm935.com\/site\/wp-content\/uploads\/2019\/02\/download-1.jpeg\"><img loading=\"lazy\" decoding=\"async\" class=\"alignnone size-full wp-image-756\" src=\"http:\/\/oasisfm935.com\/site\/wp-content\/uploads\/2019\/02\/download-1.jpeg\" alt=\"\" width=\"640\" height=\"360\" srcset=\"https:\/\/oasisfm935.com.ar\/site\/wp-content\/uploads\/2019\/02\/download-1.jpeg 640w, https:\/\/oasisfm935.com.ar\/site\/wp-content\/uploads\/2019\/02\/download-1-300x169.jpeg 300w\" sizes=\"auto, (max-width: 640px) 100vw, 640px\" \/><\/a><\/p>\n<blockquote><p>Adem\u00e1s cuando sus estudios se lo permit\u00edan, viajaba a Ingeniero Luiggi porque integraba la agrupaci\u00f3n \u201c<strong>Los Pampita\u201d,<\/strong>\u00a0ya que era un gran m\u00fasico, de hecho se estaba perfeccionando en esta disciplina.<\/p>\n<p><a href=\"http:\/\/oasisfm935.com\/site\/wp-content\/uploads\/2019\/02\/download-2.jpeg\"><img loading=\"lazy\" decoding=\"async\" class=\"alignnone size-full wp-image-757\" src=\"http:\/\/oasisfm935.com\/site\/wp-content\/uploads\/2019\/02\/download-2.jpeg\" alt=\"\" width=\"640\" height=\"480\" srcset=\"https:\/\/oasisfm935.com.ar\/site\/wp-content\/uploads\/2019\/02\/download-2.jpeg 640w, https:\/\/oasisfm935.com.ar\/site\/wp-content\/uploads\/2019\/02\/download-2-300x225.jpeg 300w, https:\/\/oasisfm935.com.ar\/site\/wp-content\/uploads\/2019\/02\/download-2-326x245.jpeg 326w, https:\/\/oasisfm935.com.ar\/site\/wp-content\/uploads\/2019\/02\/download-2-80x60.jpeg 80w\" sizes=\"auto, (max-width: 640px) 100vw, 640px\" \/><\/a><\/p>\n<p>Fuente: Zonal Noticias<\/p><\/blockquote>\n<\/div>\n<div class=\"oasis-despues-del-contenido\" id=\"oasis-1219806957\"><img loading=\"lazy\" decoding=\"async\" src=\"https:\/\/oasisfm935.com.ar\/site\/wp-content\/uploads\/2020\/08\/47806202-8741-49f2-a5c9-d2f930e5baa1.jpg\" alt=\"\"  srcset=\"https:\/\/oasisfm935.com.ar\/site\/wp-content\/uploads\/2020\/08\/47806202-8741-49f2-a5c9-d2f930e5baa1.jpg 1080w, https:\/\/oasisfm935.com.ar\/site\/wp-content\/uploads\/2020\/08\/47806202-8741-49f2-a5c9-d2f930e5baa1-300x300.jpg 300w, https:\/\/oasisfm935.com.ar\/site\/wp-content\/uploads\/2020\/08\/47806202-8741-49f2-a5c9-d2f930e5baa1-1024x1024.jpg 1024w, https:\/\/oasisfm935.com.ar\/site\/wp-content\/uploads\/2020\/08\/47806202-8741-49f2-a5c9-d2f930e5baa1-150x150.jpg 150w, https:\/\/oasisfm935.com.ar\/site\/wp-content\/uploads\/2020\/08\/47806202-8741-49f2-a5c9-d2f930e5baa1-768x768.jpg 768w\" sizes=\"(max-width: 1080px) 100vw, 1080px\" class=\"no-lazyload\" width=\"1080\" height=\"1080\"  style=\"display: inline-block;\" \/><\/div>","protected":false},"excerpt":{"rendered":"<p>&nbsp; Un joven de Ingeniero Luiggi perdi\u00f3 su vida en forma tr\u00e1gica esta madrugada tras colisionar de manera frontal con un cami\u00f3n<\/p>\n","protected":false},"author":4,"featured_media":758,"comment_status":"closed","ping_status":"open","sticky":false,"template":"","format":"standard","meta":{"colormag_page_layout":"default_layout","footnotes":""},"categories":[2],"tags":[],"class_list":["post-754","post","type-post","status-publish","format-standard","has-post-thumbnail","hentry","category-noticias"],"_links":{"self":[{"href":"https:\/\/oasisfm935.com.ar\/site\/wp-json\/wp\/v2\/posts\/754","targetHints":{"allow":["GET"]}}],"collection":[{"href":"https:\/\/oasisfm935.com.ar\/site\/wp-json\/wp\/v2\/posts"}],"about":[{"href":"https:\/\/oasisfm935.com.ar\/site\/wp-json\/wp\/v2\/types\/post"}],"author":[{"embeddable":true,"href":"https:\/\/oasisfm935.com.ar\/site\/wp-json\/wp\/v2\/users\/4"}],"replies":[{"embeddable":true,"href":"https:\/\/oasisfm935.com.ar\/site\/wp-json\/wp\/v2\/comments?post=754"}],"version-history":[{"count":1,"href":"https:\/\/oasisfm935.com.ar\/site\/wp-json\/wp\/v2\/posts\/754\/revisions"}],"predecessor-version":[{"id":759,"href":"https:\/\/oasisfm935.com.ar\/site\/wp-json\/wp\/v2\/posts\/754\/revisions\/759"}],"wp:featuredmedia":[{"embeddable":true,"href":"https:\/\/oasisfm935.com.ar\/site\/wp-json\/wp\/v2\/media\/758"}],"wp:attachment":[{"href":"https:\/\/oasisfm935.com.ar\/site\/wp-json\/wp\/v2\/media?parent=754"}],"wp:term":[{"taxonomy":"category","embeddable":true,"href":"https:\/\/oasisfm935.com.ar\/site\/wp-json\/wp\/v2\/categories?post=754"},{"taxonomy":"post_tag","embeddable":true,"href":"https:\/\/oasisfm935.com.ar\/site\/wp-json\/wp\/v2\/tags?post=754"}],"curies":[{"name":"wp","href":"https:\/\/api.w.org\/{rel}","templated":true}]}}