{"id":7551,"date":"2020-10-20T12:24:47","date_gmt":"2020-10-20T15:24:47","guid":{"rendered":"http:\/\/oasisfm935.com\/site\/?p=7551"},"modified":"2020-10-20T12:24:47","modified_gmt":"2020-10-20T15:24:47","slug":"bomberos-de-ingeniero-luiggi-y-brigadistas-de-defensa-civil-partieron-a-cordoba-a-combatir-los-incendios","status":"publish","type":"post","link":"https:\/\/oasisfm935.com.ar\/site\/bomberos-de-ingeniero-luiggi-y-brigadistas-de-defensa-civil-partieron-a-cordoba-a-combatir-los-incendios\/","title":{"rendered":"Bomberos de Ingeniero Luiggi y brigadistas de Defensa Civil partieron a C\u00f3rdoba a combatir los incendios."},"content":{"rendered":"<p>La Brigada de Incendios Forestales de nuestra Federaci\u00f3n partir\u00e1 este martes hacia C\u00f3rdoba, donde la evaluaci\u00f3n de la situaci\u00f3n pas\u00f3 de Alerta Amarilla a Roja.<\/p>\n<p>Saldr\u00e1n 19 bomberos y bomberas de distintos Cuarteles de la provincia, junto a 5 brigadistas de Defensa Civil, quienes se movilizar\u00e1n en cuatro camiones y tres camionetas. El destino puntual en territorio cordob\u00e9s ser\u00e1 La Cumbre.<\/p>\n<p>Desde el cuartel de bomberos de Ingeniero Luiggi comentaron que desde este cuartel estar\u00e1n viajando Brian Sosa, Federico Justiniano, Joaquin Cantelmi, Santiago Cantelmi, Marcelo Morel, Luciana Valdivieso<\/p>\n<div class=\"text_exposed_show\">\n<p>&nbsp;<\/p>\n<\/div>\n<div class=\"oasis-despues-del-contenido\" id=\"oasis-622185630\"><img loading=\"lazy\" decoding=\"async\" src=\"https:\/\/oasisfm935.com.ar\/site\/wp-content\/uploads\/2020\/08\/47806202-8741-49f2-a5c9-d2f930e5baa1.jpg\" alt=\"\"  srcset=\"https:\/\/oasisfm935.com.ar\/site\/wp-content\/uploads\/2020\/08\/47806202-8741-49f2-a5c9-d2f930e5baa1.jpg 1080w, https:\/\/oasisfm935.com.ar\/site\/wp-content\/uploads\/2020\/08\/47806202-8741-49f2-a5c9-d2f930e5baa1-300x300.jpg 300w, https:\/\/oasisfm935.com.ar\/site\/wp-content\/uploads\/2020\/08\/47806202-8741-49f2-a5c9-d2f930e5baa1-1024x1024.jpg 1024w, https:\/\/oasisfm935.com.ar\/site\/wp-content\/uploads\/2020\/08\/47806202-8741-49f2-a5c9-d2f930e5baa1-150x150.jpg 150w, https:\/\/oasisfm935.com.ar\/site\/wp-content\/uploads\/2020\/08\/47806202-8741-49f2-a5c9-d2f930e5baa1-768x768.jpg 768w\" sizes=\"(max-width: 1080px) 100vw, 1080px\" class=\"no-lazyload\" width=\"1080\" height=\"1080\"  style=\"display: inline-block;\" \/><\/div>","protected":false},"excerpt":{"rendered":"<p>La Brigada de Incendios Forestales de nuestra Federaci\u00f3n partir\u00e1 este martes hacia C\u00f3rdoba, donde la evaluaci\u00f3n de la situaci\u00f3n pas\u00f3 de Alerta<\/p>\n","protected":false},"author":4,"featured_media":7552,"comment_status":"closed","ping_status":"open","sticky":false,"template":"","format":"standard","meta":{"colormag_page_layout":"default_layout","footnotes":""},"categories":[2],"tags":[],"class_list":["post-7551","post","type-post","status-publish","format-standard","has-post-thumbnail","hentry","category-noticias"],"_links":{"self":[{"href":"https:\/\/oasisfm935.com.ar\/site\/wp-json\/wp\/v2\/posts\/7551","targetHints":{"allow":["GET"]}}],"collection":[{"href":"https:\/\/oasisfm935.com.ar\/site\/wp-json\/wp\/v2\/posts"}],"about":[{"href":"https:\/\/oasisfm935.com.ar\/site\/wp-json\/wp\/v2\/types\/post"}],"author":[{"embeddable":true,"href":"https:\/\/oasisfm935.com.ar\/site\/wp-json\/wp\/v2\/users\/4"}],"replies":[{"embeddable":true,"href":"https:\/\/oasisfm935.com.ar\/site\/wp-json\/wp\/v2\/comments?post=7551"}],"version-history":[{"count":1,"href":"https:\/\/oasisfm935.com.ar\/site\/wp-json\/wp\/v2\/posts\/7551\/revisions"}],"predecessor-version":[{"id":7553,"href":"https:\/\/oasisfm935.com.ar\/site\/wp-json\/wp\/v2\/posts\/7551\/revisions\/7553"}],"wp:featuredmedia":[{"embeddable":true,"href":"https:\/\/oasisfm935.com.ar\/site\/wp-json\/wp\/v2\/media\/7552"}],"wp:attachment":[{"href":"https:\/\/oasisfm935.com.ar\/site\/wp-json\/wp\/v2\/media?parent=7551"}],"wp:term":[{"taxonomy":"category","embeddable":true,"href":"https:\/\/oasisfm935.com.ar\/site\/wp-json\/wp\/v2\/categories?post=7551"},{"taxonomy":"post_tag","embeddable":true,"href":"https:\/\/oasisfm935.com.ar\/site\/wp-json\/wp\/v2\/tags?post=7551"}],"curies":[{"name":"wp","href":"https:\/\/api.w.org\/{rel}","templated":true}]}}