{"id":7564,"date":"2020-10-20T20:44:38","date_gmt":"2020-10-20T23:44:38","guid":{"rendered":"http:\/\/oasisfm935.com\/site\/?p=7564"},"modified":"2020-10-20T20:44:38","modified_gmt":"2020-10-20T23:44:38","slug":"coronavirus-la-pampa-se-detectaron-119-nuevos-casos-1-corresponde-a-ingeniero-luggi","status":"publish","type":"post","link":"https:\/\/oasisfm935.com.ar\/site\/coronavirus-la-pampa-se-detectaron-119-nuevos-casos-1-corresponde-a-ingeniero-luggi\/","title":{"rendered":"Coronavirus La Pampa: Se detectaron 119 nuevos casos, 1 corresponde a Ingeniero Luggi."},"content":{"rendered":"<p class=\"lead nota-detalle-bajada\">De ellos 82 eran contactos estrechos y 37 contin\u00faan en etapa de investigaci\u00f3n epidemiol\u00f3gica. Hasta el presente reporte, en La Pampa, se encuentran aisladas 7.311 personas.<\/p>\n<div class=\"nota-detalle-cuerpo\">\n<p>El Gobierno de la Provincia de La Pampa, a trav\u00e9s del Ministerio de Salud, comunic\u00f3 que en horas de la tarde del d\u00eda 20 de octubre concluy\u00f3 el procesamiento de 335 muestras analizadas en los laboratorios de la Direcci\u00f3n de Epidemiolog\u00eda y del Establecimiento Asistencial Gobernador Centeno y Lucio Molas, de las cuales 119 resultaron positivas para COVID-19. De ellas 70 personas residen en Santa Rosa, 15 en General Pico, 16 en Toay, 4 en Quem\u00fa Quem\u00fa, 4 en 25 de Mayo, 3 en Macach\u00edn, 2 en Winifreda, 1 en Uriburu, 1 en Realic\u00f3,1 en Ingeniero Luiggi, 1 en Algarrobo del \u00c1guila y 1 en La Adela. De los 119 casos confirmados en la tarde de hoy, 82 se encontraban aislados por ser considerados contactos estrechos, mientras que 37 casos contin\u00faan en investigaci\u00f3n epidemiol\u00f3gica.<\/p>\n<p><strong>Situaci\u00f3n provincial:<\/strong><\/p>\n<p>Desde el inicio de la pandemia, en la Provincia, se registraron un total de 1.853 casos positivos para COVID-19, de los cuales 860 permanecen activos, 19 han fallecido y 974 se han recuperado, entre estos \u00faltimos se encuentran, 27 personas de Santa Rosa, 17 de General Pico, 6 en 25 de Mayo, 2 en Winifreda, 1 de Toay, 1 de Maisonnave. Los casos confirmados activos est\u00e1n distribuidos de la siguiente manera: 473 en la ciudad de Santa Rosa, 188 en General Pico, 53 en Toay, 35 en Trenel, 30 en 25 de Mayo, 17 en Quem\u00fa Quem\u00fa, 11 en Eduardo Castex, 8 en Guatrach\u00e9, 8 en Intendente Alvear, 8 en Ingeniero Luiggi, 6 en La Adela, 3 en Maisonnave, 7 en Macach\u00edn, 4 en Winifreda, 3 en Uriburu, 1 en Catril\u00f3, 1 en Tril\u00ed, 1 en Anguil, 1 en Bernasconi, 1 en Algarrobo del \u00c1guila y 1 en Realic\u00f3.<\/p>\n<p>Al d\u00eda de la fecha, en La Pampa, se encuentran aisladas un total de 7.311 personas.<\/p>\n<p><strong>Pacientes internados<\/strong><br \/>\nSe encuentran internados 41 pacientes confirmados para COVID-19. En General Pico 12 en los modulares. En Santa Rosa 29 pacientes, de ellos 17 en cl\u00ednica m\u00e9dica, 8 en sala de terapia intensiva y 4 en modulares,<\/p>\n<\/div>\n<div class=\"oasis-despues-del-contenido\" id=\"oasis-3921117326\"><img loading=\"lazy\" decoding=\"async\" src=\"https:\/\/oasisfm935.com.ar\/site\/wp-content\/uploads\/2020\/08\/47806202-8741-49f2-a5c9-d2f930e5baa1.jpg\" alt=\"\"  srcset=\"https:\/\/oasisfm935.com.ar\/site\/wp-content\/uploads\/2020\/08\/47806202-8741-49f2-a5c9-d2f930e5baa1.jpg 1080w, https:\/\/oasisfm935.com.ar\/site\/wp-content\/uploads\/2020\/08\/47806202-8741-49f2-a5c9-d2f930e5baa1-300x300.jpg 300w, https:\/\/oasisfm935.com.ar\/site\/wp-content\/uploads\/2020\/08\/47806202-8741-49f2-a5c9-d2f930e5baa1-1024x1024.jpg 1024w, https:\/\/oasisfm935.com.ar\/site\/wp-content\/uploads\/2020\/08\/47806202-8741-49f2-a5c9-d2f930e5baa1-150x150.jpg 150w, https:\/\/oasisfm935.com.ar\/site\/wp-content\/uploads\/2020\/08\/47806202-8741-49f2-a5c9-d2f930e5baa1-768x768.jpg 768w\" sizes=\"(max-width: 1080px) 100vw, 1080px\" class=\"no-lazyload\" width=\"1080\" height=\"1080\"  style=\"display: inline-block;\" \/><\/div>","protected":false},"excerpt":{"rendered":"<p>De ellos 82 eran contactos estrechos y 37 contin\u00faan en etapa de investigaci\u00f3n epidemiol\u00f3gica. Hasta el presente reporte, en La Pampa, se<\/p>\n","protected":false},"author":4,"featured_media":7565,"comment_status":"closed","ping_status":"open","sticky":false,"template":"","format":"standard","meta":{"colormag_page_layout":"default_layout","footnotes":""},"categories":[2],"tags":[],"class_list":["post-7564","post","type-post","status-publish","format-standard","has-post-thumbnail","hentry","category-noticias"],"_links":{"self":[{"href":"https:\/\/oasisfm935.com.ar\/site\/wp-json\/wp\/v2\/posts\/7564","targetHints":{"allow":["GET"]}}],"collection":[{"href":"https:\/\/oasisfm935.com.ar\/site\/wp-json\/wp\/v2\/posts"}],"about":[{"href":"https:\/\/oasisfm935.com.ar\/site\/wp-json\/wp\/v2\/types\/post"}],"author":[{"embeddable":true,"href":"https:\/\/oasisfm935.com.ar\/site\/wp-json\/wp\/v2\/users\/4"}],"replies":[{"embeddable":true,"href":"https:\/\/oasisfm935.com.ar\/site\/wp-json\/wp\/v2\/comments?post=7564"}],"version-history":[{"count":1,"href":"https:\/\/oasisfm935.com.ar\/site\/wp-json\/wp\/v2\/posts\/7564\/revisions"}],"predecessor-version":[{"id":7566,"href":"https:\/\/oasisfm935.com.ar\/site\/wp-json\/wp\/v2\/posts\/7564\/revisions\/7566"}],"wp:featuredmedia":[{"embeddable":true,"href":"https:\/\/oasisfm935.com.ar\/site\/wp-json\/wp\/v2\/media\/7565"}],"wp:attachment":[{"href":"https:\/\/oasisfm935.com.ar\/site\/wp-json\/wp\/v2\/media?parent=7564"}],"wp:term":[{"taxonomy":"category","embeddable":true,"href":"https:\/\/oasisfm935.com.ar\/site\/wp-json\/wp\/v2\/categories?post=7564"},{"taxonomy":"post_tag","embeddable":true,"href":"https:\/\/oasisfm935.com.ar\/site\/wp-json\/wp\/v2\/tags?post=7564"}],"curies":[{"name":"wp","href":"https:\/\/api.w.org\/{rel}","templated":true}]}}