{"id":7574,"date":"2020-10-21T12:35:10","date_gmt":"2020-10-21T15:35:10","guid":{"rendered":"http:\/\/oasisfm935.com\/site\/?p=7574"},"modified":"2020-10-21T12:35:10","modified_gmt":"2020-10-21T15:35:10","slug":"el-papa-francisco-respaldo-la-union-civil-entre-personas-del-mismo-sexo","status":"publish","type":"post","link":"https:\/\/oasisfm935.com.ar\/site\/el-papa-francisco-respaldo-la-union-civil-entre-personas-del-mismo-sexo\/","title":{"rendered":"El papa Francisco respald\u00f3 la uni\u00f3n civil entre personas del mismo sexo"},"content":{"rendered":"<p>El papa\u00a0<strong>Francisco\u00a0<\/strong>se\u00f1al\u00f3 que respalda las uniones civiles entre personas del mismo sexo por primera vez en el documental \u201c<em><strong>Francesco<\/strong><\/em>\u201d, presentado en el Festival de Cine de Roma. La declaraci\u00f3n del pont\u00edfice representa un cambio dr\u00e1stico en la postura del Vaticano respecto al tema.<\/p>\n<p>En un documental que se estren\u00f3 este mi\u00e9rcoles 21 de octubre en Roma,\u00a0<strong>el Papa alent\u00f3 la aprobaci\u00f3n de leyes de uni\u00f3n civil para parejas homosexuales<\/strong>, alej\u00e1ndose de la posici\u00f3n de la oficina doctrinal del Vaticano y de la postura de sus predecesores. Las palabras del pont\u00edfice se recogen en un fragmento del documental que reflexiona sobre el cuidado pastoral para aquellos que se identifican como LGBT (lesbianas, gays, bisexuales y transexuales).<\/p>\n<p>\u201c<strong>Las personas homosexuales tienen derecho a estar en la familia, son hijos de Dios, tienen derecho a una familia. No se puede echar de la familia a nadie, ni hacer la vida imposible por eso<\/strong>\u201d, dijo Francisco en el filme, sobre su aproximaci\u00f3n a la pastoral.<\/p>\n<p>Despu\u00e9s, en palabras que probablemente causar\u00e1n controversia entre los cat\u00f3licos, el papa Francisco se pronunci\u00f3 directamente sobre el tema de las uniones civiles para parejas homosexuales. \u201c<strong>Lo que tenemos que hacer es una ley de convivencia civil. Tienen derecho a estar cubiertos legalmente<\/strong>\u201d, dijo. \u201c<strong>Yo defend\u00ed eso<\/strong>\u201d.<\/p>\n<p>a pel\u00edcula es dirigida por el ruso\u00a0<strong>Evgeny Afineevsky<\/strong>. La pel\u00edcula presenta la aproximaci\u00f3n del papa a diversos problemas sociales, as\u00ed como el ministerio pastoral hacia quienes viven, en palabras del pont\u00edfice, \u201cen las periferias existenciales\u201d.<\/p>\n<p>La pel\u00edcula aborda el alcance pastoral del Papa hacia quienes se identifican como LGBT,\u00a0<strong>incluyendo una historia del Santo Padre alentando a una pareja homosexual de hombres italianos para que lleven a sus hijos a su parroquia, lo que, de acuerdo a uno de ellos, fue muy beneficioso para los menores<\/strong>. \u201c<strong>\u00c9l no mencion\u00f3 cu\u00e1l era su opini\u00f3n sobre mi familia. Probablemente \u00e9l est\u00e1 siguiendo la doctrina en este punto<\/strong>\u201d, dijo el hombre, al tiempo que elogi\u00f3 al papa por una disposici\u00f3n y una actitud de acogida y aliento.<\/p>\n<div class=\"oasis-despues-del-contenido\" id=\"oasis-4241584489\"><img loading=\"lazy\" decoding=\"async\" src=\"https:\/\/oasisfm935.com.ar\/site\/wp-content\/uploads\/2020\/08\/47806202-8741-49f2-a5c9-d2f930e5baa1.jpg\" alt=\"\"  srcset=\"https:\/\/oasisfm935.com.ar\/site\/wp-content\/uploads\/2020\/08\/47806202-8741-49f2-a5c9-d2f930e5baa1.jpg 1080w, https:\/\/oasisfm935.com.ar\/site\/wp-content\/uploads\/2020\/08\/47806202-8741-49f2-a5c9-d2f930e5baa1-300x300.jpg 300w, https:\/\/oasisfm935.com.ar\/site\/wp-content\/uploads\/2020\/08\/47806202-8741-49f2-a5c9-d2f930e5baa1-1024x1024.jpg 1024w, https:\/\/oasisfm935.com.ar\/site\/wp-content\/uploads\/2020\/08\/47806202-8741-49f2-a5c9-d2f930e5baa1-150x150.jpg 150w, https:\/\/oasisfm935.com.ar\/site\/wp-content\/uploads\/2020\/08\/47806202-8741-49f2-a5c9-d2f930e5baa1-768x768.jpg 768w\" sizes=\"(max-width: 1080px) 100vw, 1080px\" class=\"no-lazyload\" width=\"1080\" height=\"1080\"  style=\"display: inline-block;\" \/><\/div>","protected":false},"excerpt":{"rendered":"<p>El papa\u00a0Francisco\u00a0se\u00f1al\u00f3 que respalda las uniones civiles entre personas del mismo sexo por primera vez en el documental \u201cFrancesco\u201d, presentado en el<\/p>\n","protected":false},"author":4,"featured_media":7575,"comment_status":"closed","ping_status":"open","sticky":false,"template":"","format":"standard","meta":{"colormag_page_layout":"default_layout","footnotes":""},"categories":[2],"tags":[],"class_list":["post-7574","post","type-post","status-publish","format-standard","has-post-thumbnail","hentry","category-noticias"],"_links":{"self":[{"href":"https:\/\/oasisfm935.com.ar\/site\/wp-json\/wp\/v2\/posts\/7574","targetHints":{"allow":["GET"]}}],"collection":[{"href":"https:\/\/oasisfm935.com.ar\/site\/wp-json\/wp\/v2\/posts"}],"about":[{"href":"https:\/\/oasisfm935.com.ar\/site\/wp-json\/wp\/v2\/types\/post"}],"author":[{"embeddable":true,"href":"https:\/\/oasisfm935.com.ar\/site\/wp-json\/wp\/v2\/users\/4"}],"replies":[{"embeddable":true,"href":"https:\/\/oasisfm935.com.ar\/site\/wp-json\/wp\/v2\/comments?post=7574"}],"version-history":[{"count":1,"href":"https:\/\/oasisfm935.com.ar\/site\/wp-json\/wp\/v2\/posts\/7574\/revisions"}],"predecessor-version":[{"id":7576,"href":"https:\/\/oasisfm935.com.ar\/site\/wp-json\/wp\/v2\/posts\/7574\/revisions\/7576"}],"wp:featuredmedia":[{"embeddable":true,"href":"https:\/\/oasisfm935.com.ar\/site\/wp-json\/wp\/v2\/media\/7575"}],"wp:attachment":[{"href":"https:\/\/oasisfm935.com.ar\/site\/wp-json\/wp\/v2\/media?parent=7574"}],"wp:term":[{"taxonomy":"category","embeddable":true,"href":"https:\/\/oasisfm935.com.ar\/site\/wp-json\/wp\/v2\/categories?post=7574"},{"taxonomy":"post_tag","embeddable":true,"href":"https:\/\/oasisfm935.com.ar\/site\/wp-json\/wp\/v2\/tags?post=7574"}],"curies":[{"name":"wp","href":"https:\/\/api.w.org\/{rel}","templated":true}]}}