{"id":7584,"date":"2020-10-21T20:14:39","date_gmt":"2020-10-21T23:14:39","guid":{"rendered":"http:\/\/oasisfm935.com\/site\/?p=7584"},"modified":"2020-10-21T20:18:04","modified_gmt":"2020-10-21T23:18:04","slug":"la-pampa-hasta-el-3-de-noviembre-santa-rosa-pico-y-toay-en-fase-2-y-se-agregan-restricciones","status":"publish","type":"post","link":"https:\/\/oasisfm935.com.ar\/site\/la-pampa-hasta-el-3-de-noviembre-santa-rosa-pico-y-toay-en-fase-2-y-se-agregan-restricciones\/","title":{"rendered":"La Pampa: Hasta el 3 de noviembre Santa Rosa, Pico y Toay en Fase 2 y se agregan restricciones."},"content":{"rendered":"<header>\n<h1 class=\"nota-detalle-titulo\"><span style=\"font-size: 16px\">El Gobierno provincial dispuso prorrogar la Fase 2 en las ciudades de Santa Rosa y General Pico, e incorporar a la localidad de Toay a esa modalidad a partir de las 0 de ma\u00f1ana.\u00a0\u00a0<\/span><\/h1>\n<\/header>\n<div class=\"nota-detalle-cuerpo\">Asimismo se suman medidas adicionales como la \u201cprohibici\u00f3n de libre circulaci\u00f3n entre las 23 y las 7\u201d en los ejidos de las tres localidades\u201d y entre las mismas. Se estableci\u00f3 que todas las actividades econ\u00f3micas podr\u00e1n desarrollarse entre las 7 y las 22, con una tolerancia de media hora para bares y restaurantes. Se redujo a 10 personas la capacidad m\u00e1xima en gimnasios.<\/div>\n<div class=\"nota-detalle-cuerpo\">\nLas medidas que se implementar\u00e1n a trav\u00e9s de un Decreto firmado por el gobernador Sergio Ziliotto y su gabinete que ser\u00e1 publicado pr\u00f3ximamente.Tiende a minimizar la circulaci\u00f3n durante ese lapso y busca cortar la cadena de contagios ante el fuerte incremento registrado en los \u00faltimos d\u00edas.<\/div>\n<div class=\"nota-detalle-cuerpo\">\nDurante la vigencia de la medida dispuesta la libre circulaci\u00f3n de las personas dentro del l\u00edmite de la localidad, queda supeditada s\u00f3lo a casos de extrema necesidad. En igual sentido deben evitarse los traslados interurbanos desde o hacia las localidades afectadas. Este tipo de restricciones en la circulaci\u00f3n han sido aplicadas exitosamente en otras localidades del pa\u00eds y del mundo como medida preventiva.<\/div>\n<div class=\"nota-detalle-cuerpo\">\nHabida cuenta de haberse detectado una serie de contagios en gimnasios en los \u00faltimos d\u00edas, se tom\u00f3 la decisi\u00f3n de reducir la capacidad de personas en estos establecimientos a un m\u00e1ximo de 10, para disminuir la aglomeraci\u00f3n de personas.<\/div>\n<div class=\"nota-detalle-cuerpo\">\nEn las oficinas p\u00fablicas dependientes del Poder Ejecutivo Provincial se establecer\u00e1n guardias m\u00ednimas para asegurar la atenci\u00f3n al p\u00fablico, observando las medidas de prevenci\u00f3n respectivas.<\/div>\n<div class=\"nota-detalle-cuerpo\">\nDurante la Fase 2 el Ministerio de Educaci\u00f3n suspende el dictado de clases presenciales.<br \/>\nEl Banco de La Pampa permanecer\u00e1 abierto solo para operaciones de dep\u00f3sitos de empresas o comerciantes, en tanto que la banca particular podr\u00e1 operar a trav\u00e9s de cajeros autom\u00e1ticos.<br \/>\nUna vez m\u00e1s el Gobierno provincial inst\u00f3 a la poblaci\u00f3n a actuar con COMPROMISO, SOLIDARIDAD y RESPONSABILIDAD SOCIAL, acatando las formas, condiciones y modalidades aconsejadas y las recomendaciones de las autoridades sanitarias nacional y provincial, teniendo en cuenta que la pandemia provocada por el Coronavirus COVID-19 involucra cuestiones sensibles de salud de toda la poblaci\u00f3n.<\/div>\n<div class=\"oasis-despues-del-contenido\" id=\"oasis-3718807471\"><img loading=\"lazy\" decoding=\"async\" src=\"https:\/\/oasisfm935.com.ar\/site\/wp-content\/uploads\/2020\/08\/47806202-8741-49f2-a5c9-d2f930e5baa1.jpg\" alt=\"\"  srcset=\"https:\/\/oasisfm935.com.ar\/site\/wp-content\/uploads\/2020\/08\/47806202-8741-49f2-a5c9-d2f930e5baa1.jpg 1080w, https:\/\/oasisfm935.com.ar\/site\/wp-content\/uploads\/2020\/08\/47806202-8741-49f2-a5c9-d2f930e5baa1-300x300.jpg 300w, https:\/\/oasisfm935.com.ar\/site\/wp-content\/uploads\/2020\/08\/47806202-8741-49f2-a5c9-d2f930e5baa1-1024x1024.jpg 1024w, https:\/\/oasisfm935.com.ar\/site\/wp-content\/uploads\/2020\/08\/47806202-8741-49f2-a5c9-d2f930e5baa1-150x150.jpg 150w, https:\/\/oasisfm935.com.ar\/site\/wp-content\/uploads\/2020\/08\/47806202-8741-49f2-a5c9-d2f930e5baa1-768x768.jpg 768w\" sizes=\"(max-width: 1080px) 100vw, 1080px\" class=\"no-lazyload\" width=\"1080\" height=\"1080\"  style=\"display: inline-block;\" \/><\/div>","protected":false},"excerpt":{"rendered":"<p>El Gobierno provincial dispuso prorrogar la Fase 2 en las ciudades de Santa Rosa y General Pico, e incorporar a la localidad<\/p>\n","protected":false},"author":4,"featured_media":7585,"comment_status":"closed","ping_status":"open","sticky":false,"template":"","format":"standard","meta":{"colormag_page_layout":"default_layout","footnotes":""},"categories":[2],"tags":[],"class_list":["post-7584","post","type-post","status-publish","format-standard","has-post-thumbnail","hentry","category-noticias"],"_links":{"self":[{"href":"https:\/\/oasisfm935.com.ar\/site\/wp-json\/wp\/v2\/posts\/7584","targetHints":{"allow":["GET"]}}],"collection":[{"href":"https:\/\/oasisfm935.com.ar\/site\/wp-json\/wp\/v2\/posts"}],"about":[{"href":"https:\/\/oasisfm935.com.ar\/site\/wp-json\/wp\/v2\/types\/post"}],"author":[{"embeddable":true,"href":"https:\/\/oasisfm935.com.ar\/site\/wp-json\/wp\/v2\/users\/4"}],"replies":[{"embeddable":true,"href":"https:\/\/oasisfm935.com.ar\/site\/wp-json\/wp\/v2\/comments?post=7584"}],"version-history":[{"count":2,"href":"https:\/\/oasisfm935.com.ar\/site\/wp-json\/wp\/v2\/posts\/7584\/revisions"}],"predecessor-version":[{"id":7587,"href":"https:\/\/oasisfm935.com.ar\/site\/wp-json\/wp\/v2\/posts\/7584\/revisions\/7587"}],"wp:featuredmedia":[{"embeddable":true,"href":"https:\/\/oasisfm935.com.ar\/site\/wp-json\/wp\/v2\/media\/7585"}],"wp:attachment":[{"href":"https:\/\/oasisfm935.com.ar\/site\/wp-json\/wp\/v2\/media?parent=7584"}],"wp:term":[{"taxonomy":"category","embeddable":true,"href":"https:\/\/oasisfm935.com.ar\/site\/wp-json\/wp\/v2\/categories?post=7584"},{"taxonomy":"post_tag","embeddable":true,"href":"https:\/\/oasisfm935.com.ar\/site\/wp-json\/wp\/v2\/tags?post=7584"}],"curies":[{"name":"wp","href":"https:\/\/api.w.org\/{rel}","templated":true}]}}